{"id":16434,"date":"2020-04-13T08:45:29","date_gmt":"2020-04-13T06:45:29","guid":{"rendered":"https:\/\/www.safmmarzo.com\/?p=16434"},"modified":"2023-05-24T09:00:17","modified_gmt":"2023-05-24T07:00:17","slug":"una-consulta-con-una-dificil-rehabilitacion","status":"publish","type":"post","link":"https:\/\/www.safmmarzo.com\/es\/2020\/04\/13\/una-consulta-con-una-dificil-rehabilitacion\/","title":{"rendered":"Una consulta con una dif\u00edcil rehabilitaci\u00f3n"},"content":{"rendered":"[vc_row ct_row_stretch=&#8221;&#8221;][vc_column]<div id=\"ultimate-heading-297469f3ff4ee74b9\" class=\"uvc-heading ult-adjust-bottom-margin ultimate-heading-297469f3ff4ee74b9 uvc-5498 \" data-hspacer=\"no_spacer\"  data-halign=\"left\" style=\"text-align:left\"><div class=\"uvc-heading-spacer no_spacer\" style=\"top\"><\/div><div class=\"uvc-main-heading ult-responsive\"  data-ultimate-target='.uvc-heading.ultimate-heading-297469f3ff4ee74b9 h2'  data-responsive-json-new='{\"font-size\":\"\",\"line-height\":\"\"}' ><h2 style=\"font-weight:normal;\">Las cl\u00ednicas de fisioterapia se preparan para reactivarse tras la cuarentena<\/h2><\/div><div class=\"uvc-sub-heading ult-responsive\"  data-ultimate-target='.uvc-heading.ultimate-heading-297469f3ff4ee74b9 .uvc-sub-heading '  data-responsive-json-new='{\"font-size\":\"\",\"line-height\":\"\"}'  style=\"font-weight:normal;\">Deportistas de alto nivel o simplemente personas que necesiten de los servicios de un fisioterapeuta para rehabilitar una zona concreta de su anatom\u00eda tendr\u00e1n que esperar<strong>\u00a0al control de la pandemia<\/strong>\u00a0que ha dejado el mundo con una mano por delante y la otra por detr\u00e1s.<\/p>\n<p><strong>Las cl\u00ednicas de fisioterapia<\/strong>\u00a0tienen permitida la atenci\u00f3n a los pacientes solo en caso de urgencia. Los profesionales del sector atender\u00e1n \u00fanicamente a quien manifieste alguna molestia muscular o postoperatoria que no pueda esperar rehabilitaci\u00f3n.<\/p>\n<p>Son\u00a0<strong>57.000 colegiados<\/strong>\u00a0del sector en toda el territorio nacional los que solicitaron, a trav\u00e9s del Consejo General de Colegio de Fisioterapeutas de Espa\u00f1a, el cierre de los centros, sin haber recibido contestaci\u00f3n, aunque su s\u00faplica s\u00ed fue o\u00edda por las comunidades de Galicia, Andaluc\u00eda, Catalu\u00f1a y Castilla-La Mancha, por el momento. La agenda de citas de muchas cl\u00ednicas presentaba un aspecto rebosante hace escasamente un mes. Y de la noche a la ma\u00f1ana todas ellas fueron borradas de un plumazo por un virus que no entiende de continentes, raza o religi\u00f3n.<\/p>\n<h3>Agendas en el aire<\/h3>\n<p><strong>Jos\u00e9 Luis Vali\u00f1o<\/strong>\u00a0comparte la gerencia de la cl\u00ednica Marzo Sa\u00fade junto a su hermano Jes\u00fas. Ambos vieron como el porvenir daba un giro inesperado y relegaba sus planes laborales a un segundo plano. Su centro deportivo y de rehabilitaci\u00f3n incluye servicio de fisioterapia, podolog\u00eda, pilates y zumba, entre otras actividades. Su cartera de clientes se mantiene a la espera de los acontecimientos, como el resto del planeta.<\/p>\n<p>&#8220;Cerramos antes de que decretasen el estado de alarma. Es nuestra responsabilidad<strong>\u00a0cuidar de nuestros clientes\u00a0<\/strong>y de las personas que trabajan aqu\u00ed&#8221;, asegura Jos\u00e9 Luis Vali\u00f1o.<\/p>\n<p>El Gobierno los incluy\u00f3 dentro de los centros sanitarios que pod\u00edan atender urgencias, aunque para ello tendr\u00edan que contar con el material de protecci\u00f3n adecuado. &#8220;Dos semanas antes de que la pandemia llegase a Espa\u00f1a, vimos lo que suced\u00eda en Italia a compa\u00f1eros con los que tenemos relaci\u00f3n y decidimos aprovisionarnos de material sanitario, pero todo el env\u00edo qued\u00f3 retenido cuando estall\u00f3 todo.\u00a0<strong>Sin material de protecci\u00f3n es imposible abrir<\/strong>&#8220;, explica.<\/p>\n<p>Vali\u00f1o no abandonar\u00e1 a sus pacientes en este trance sanitario hist\u00f3rico. &#8220;Nuestros profesores de pilates y zumba hacen sus clases en directo por medio de la plataforma YouTube. Adem\u00e1s, como somos colaboradores del CB Breog\u00e1n, realizamos videoconferencias con el cuerpo t\u00e9cnico y los jugadores, junto al preparador f\u00edsico\u00a0<strong>Jaime Capell\u00e1<\/strong>\u00a0para que mantengan la forma f\u00edsica. Tambi\u00e9n somos un centro de formaci\u00f3n de fisioterapeutas y enfermer\u00eda, y seguramente que hasta noviembre no podremos volver a impartir\u00a0clase&#8221;, matiza.<\/p>\n<p>Su lista de espera llegaba a los 15 d\u00edas. Ahora tratan de acomodar a sus pacientes, pero est\u00e1n atados de manos y piernas hasta que no se suspenda el\u00a0<strong>estado de alarma\u00a0<\/strong>y puedan abrir su cl\u00ednica. &#8220;No sabemos a\u00fan como ser\u00e1, porque tenemos cinco salas distintas y habr\u00e1 que recibir a los clientes de forma individual&#8221;, aclara Vali\u00f1o.<\/p>\n<p>En su domicilio<\/p>\n<p><strong>Un duro camino de vuelta<\/strong><br \/>\nLa pandemia contin\u00faa su paso inexorable por el planeta. La incertidumbre es uno de los caballos de batalla con los que deben lidiar la humanidad. En Espa\u00f1a, poco o nada se sabe de las condiciones que tendr\u00e1n que cumplir las cl\u00ednicas de fisioterapia para volver a abrir sus puertas al p\u00fablico y mucho menos las condiciones en las que lo har\u00e1n. Jos\u00e9 Luis Vali\u00f1o, gerente de la cl\u00ednica Marzo Sa\u00fade, mantiene su plan de futuro aunque a\u00fan desconoce las v\u00edas por las cu\u00e1l podr\u00e1 desarrollarse.<br \/>\n<strong>Recuperar<\/strong><br \/>\n&#8220;Vamos a tarde mucho tiempo en recuperar el nivel que ten\u00edamos antes del estado de alarma. Tardaremos meses en volver a dejar todo igual, tanto en el plano econ\u00f3mico como en el formativo. Hasta final de a\u00f1o habr\u00e1 que luchar por volver a la normalidad&#8221;.<br \/>\n<strong>Protecciones<\/strong><br \/>\nLa recomendaci\u00f3n del Gobierno en el uso de la mascarilla para los desplazamientos fuera del hogar ser\u00e1 otro motivo m\u00e1s de duda en el momento de solicitar una consulta con el fisioterapeuta. &#8220;El tema de la mascarilla va a repercutir en nuestro negocio, al igual que lo har\u00e1 en los locales de hosteler\u00eda o en el comercio&#8221;, dijo.<br \/>\n<a href=\"https:\/\/www.elprogreso.es\/articulo\/lugo\/clinicas-fisioterapia-preparan-reactivarse-cuarentena\/202004091158421432622.html\">Pincha para ver la noticia completa<\/a><\/div><\/div>[\/vc_column][\/vc_row]\n","protected":false},"excerpt":{"rendered":"<p>[vc_row ct_row_stretch=&#8221;&#8221;][vc_column][\/vc_column][\/vc_row]<\/p>\n","protected":false},"author":602,"featured_media":16432,"comment_status":"closed","ping_status":"closed","sticky":false,"template":"","format":"standard","meta":{"footnotes":""},"categories":[148,149,150],"tags":[],"class_list":["post-16434","post","type-post","status-publish","format-standard","has-post-thumbnail","hentry","category-marzo-saude-es","category-medios-es","category-noticias-es"],"yoast_head":"<!-- This site is optimized with the Yoast SEO plugin v27.1.1 - https:\/\/yoast.com\/product\/yoast-seo-wordpress\/ -->\n<title>Una consulta con una dif\u00edcil rehabilitaci\u00f3n - Marzo Saude<\/title>\n<meta name=\"robots\" content=\"index, follow, max-snippet:-1, max-image-preview:large, max-video-preview:-1\" \/>\n<link rel=\"canonical\" href=\"https:\/\/www.safmmarzo.com\/es\/2020\/04\/13\/una-consulta-con-una-dificil-rehabilitacion\/\" \/>\n<meta property=\"og:locale\" content=\"es_ES\" \/>\n<meta property=\"og:type\" content=\"article\" \/>\n<meta property=\"og:title\" content=\"Una consulta con una dif\u00edcil rehabilitaci\u00f3n - Marzo Saude\" \/>\n<meta property=\"og:description\" content=\"[vc_row ct_row_stretch=&#8221;&#8221;][vc_column][\/vc_column][\/vc_row]\" \/>\n<meta property=\"og:url\" content=\"https:\/\/www.safmmarzo.com\/es\/2020\/04\/13\/una-consulta-con-una-dificil-rehabilitacion\/\" \/>\n<meta property=\"og:site_name\" content=\"Marzo Saude\" \/>\n<meta property=\"article:published_time\" content=\"2020-04-13T06:45:29+00:00\" \/>\n<meta property=\"article:modified_time\" content=\"2023-05-24T07:00:17+00:00\" \/>\n<meta property=\"og:image\" content=\"https:\/\/www.safmmarzo.com\/wp-content\/uploads\/2020\/04\/WhatsApp-Image-2020-04-09-at-14.01.43.jpeg\" \/>\n\t<meta property=\"og:image:width\" content=\"1066\" \/>\n\t<meta property=\"og:image:height\" content=\"1600\" \/>\n\t<meta property=\"og:image:type\" content=\"image\/jpeg\" \/>\n<meta name=\"author\" content=\"Jose Luis\" \/>\n<meta name=\"twitter:card\" content=\"summary_large_image\" \/>\n<meta name=\"twitter:label1\" content=\"Escrito por\" \/>\n\t<meta name=\"twitter:data1\" content=\"Jose Luis\" \/>\n\t<meta name=\"twitter:label2\" content=\"Tiempo de lectura\" \/>\n\t<meta name=\"twitter:data2\" content=\"4 minutos\" \/>\n<script type=\"application\/ld+json\" class=\"yoast-schema-graph\">{\"@context\":\"https:\/\/schema.org\",\"@graph\":[{\"@type\":\"Article\",\"@id\":\"https:\/\/www.safmmarzo.com\/es\/2020\/04\/13\/una-consulta-con-una-dificil-rehabilitacion\/#article\",\"isPartOf\":{\"@id\":\"https:\/\/www.safmmarzo.com\/es\/2020\/04\/13\/una-consulta-con-una-dificil-rehabilitacion\/\"},\"author\":{\"name\":\"Jose Luis\",\"@id\":\"https:\/\/www.safmmarzo.com\/#\/schema\/person\/20cf655e1f77c62cd425477bcfa7ef11\"},\"headline\":\"Una consulta con una dif\u00edcil rehabilitaci\u00f3n\",\"datePublished\":\"2020-04-13T06:45:29+00:00\",\"dateModified\":\"2023-05-24T07:00:17+00:00\",\"mainEntityOfPage\":{\"@id\":\"https:\/\/www.safmmarzo.com\/es\/2020\/04\/13\/una-consulta-con-una-dificil-rehabilitacion\/\"},\"wordCount\":791,\"image\":{\"@id\":\"https:\/\/www.safmmarzo.com\/es\/2020\/04\/13\/una-consulta-con-una-dificil-rehabilitacion\/#primaryimage\"},\"thumbnailUrl\":\"https:\/\/www.safmmarzo.com\/wp-content\/uploads\/2020\/04\/WhatsApp-Image-2020-04-09-at-14.01.43.jpeg\",\"articleSection\":[\"Marzo Sa\u00fade\",\"Medios\",\"Noticias\"],\"inLanguage\":\"es\"},{\"@type\":\"WebPage\",\"@id\":\"https:\/\/www.safmmarzo.com\/es\/2020\/04\/13\/una-consulta-con-una-dificil-rehabilitacion\/\",\"url\":\"https:\/\/www.safmmarzo.com\/es\/2020\/04\/13\/una-consulta-con-una-dificil-rehabilitacion\/\",\"name\":\"Una consulta con una dif\u00edcil rehabilitaci\u00f3n - Marzo Saude\",\"isPartOf\":{\"@id\":\"https:\/\/www.safmmarzo.com\/#website\"},\"primaryImageOfPage\":{\"@id\":\"https:\/\/www.safmmarzo.com\/es\/2020\/04\/13\/una-consulta-con-una-dificil-rehabilitacion\/#primaryimage\"},\"image\":{\"@id\":\"https:\/\/www.safmmarzo.com\/es\/2020\/04\/13\/una-consulta-con-una-dificil-rehabilitacion\/#primaryimage\"},\"thumbnailUrl\":\"https:\/\/www.safmmarzo.com\/wp-content\/uploads\/2020\/04\/WhatsApp-Image-2020-04-09-at-14.01.43.jpeg\",\"datePublished\":\"2020-04-13T06:45:29+00:00\",\"dateModified\":\"2023-05-24T07:00:17+00:00\",\"author\":{\"@id\":\"https:\/\/www.safmmarzo.com\/#\/schema\/person\/20cf655e1f77c62cd425477bcfa7ef11\"},\"inLanguage\":\"es\",\"potentialAction\":[{\"@type\":\"ReadAction\",\"target\":[\"https:\/\/www.safmmarzo.com\/es\/2020\/04\/13\/una-consulta-con-una-dificil-rehabilitacion\/\"]}]},{\"@type\":\"ImageObject\",\"inLanguage\":\"es\",\"@id\":\"https:\/\/www.safmmarzo.com\/es\/2020\/04\/13\/una-consulta-con-una-dificil-rehabilitacion\/#primaryimage\",\"url\":\"https:\/\/www.safmmarzo.com\/wp-content\/uploads\/2020\/04\/WhatsApp-Image-2020-04-09-at-14.01.43.jpeg\",\"contentUrl\":\"https:\/\/www.safmmarzo.com\/wp-content\/uploads\/2020\/04\/WhatsApp-Image-2020-04-09-at-14.01.43.jpeg\",\"width\":1066,\"height\":1600},{\"@type\":\"WebSite\",\"@id\":\"https:\/\/www.safmmarzo.com\/#website\",\"url\":\"https:\/\/www.safmmarzo.com\/\",\"name\":\"Marzo Saude\",\"description\":\"\",\"potentialAction\":[{\"@type\":\"SearchAction\",\"target\":{\"@type\":\"EntryPoint\",\"urlTemplate\":\"https:\/\/www.safmmarzo.com\/?s={search_term_string}\"},\"query-input\":{\"@type\":\"PropertyValueSpecification\",\"valueRequired\":true,\"valueName\":\"search_term_string\"}}],\"inLanguage\":\"es\"},{\"@type\":\"Person\",\"@id\":\"https:\/\/www.safmmarzo.com\/#\/schema\/person\/20cf655e1f77c62cd425477bcfa7ef11\",\"name\":\"Jose Luis\",\"image\":{\"@type\":\"ImageObject\",\"inLanguage\":\"es\",\"@id\":\"https:\/\/www.safmmarzo.com\/#\/schema\/person\/image\/\",\"url\":\"https:\/\/secure.gravatar.com\/avatar\/bfb8ced0ec2cf4d353ad54b18004638bb6bf664deac930ee7fb3d6a922adfc5b?s=96&d=mm&r=g\",\"contentUrl\":\"https:\/\/secure.gravatar.com\/avatar\/bfb8ced0ec2cf4d353ad54b18004638bb6bf664deac930ee7fb3d6a922adfc5b?s=96&d=mm&r=g\",\"caption\":\"Jose Luis\"},\"url\":\"https:\/\/www.safmmarzo.com\/es\/author\/marzosaude\/\"}]}<\/script>\n<!-- \/ Yoast SEO plugin. -->","yoast_head_json":{"title":"Una consulta con una dif\u00edcil rehabilitaci\u00f3n - Marzo Saude","robots":{"index":"index","follow":"follow","max-snippet":"max-snippet:-1","max-image-preview":"max-image-preview:large","max-video-preview":"max-video-preview:-1"},"canonical":"https:\/\/www.safmmarzo.com\/es\/2020\/04\/13\/una-consulta-con-una-dificil-rehabilitacion\/","og_locale":"es_ES","og_type":"article","og_title":"Una consulta con una dif\u00edcil rehabilitaci\u00f3n - Marzo Saude","og_description":"[vc_row ct_row_stretch=&#8221;&#8221;][vc_column][\/vc_column][\/vc_row]","og_url":"https:\/\/www.safmmarzo.com\/es\/2020\/04\/13\/una-consulta-con-una-dificil-rehabilitacion\/","og_site_name":"Marzo Saude","article_published_time":"2020-04-13T06:45:29+00:00","article_modified_time":"2023-05-24T07:00:17+00:00","og_image":[{"width":1066,"height":1600,"url":"https:\/\/www.safmmarzo.com\/wp-content\/uploads\/2020\/04\/WhatsApp-Image-2020-04-09-at-14.01.43.jpeg","type":"image\/jpeg"}],"author":"Jose Luis","twitter_card":"summary_large_image","twitter_misc":{"Escrito por":"Jose Luis","Tiempo de lectura":"4 minutos"},"schema":{"@context":"https:\/\/schema.org","@graph":[{"@type":"Article","@id":"https:\/\/www.safmmarzo.com\/es\/2020\/04\/13\/una-consulta-con-una-dificil-rehabilitacion\/#article","isPartOf":{"@id":"https:\/\/www.safmmarzo.com\/es\/2020\/04\/13\/una-consulta-con-una-dificil-rehabilitacion\/"},"author":{"name":"Jose Luis","@id":"https:\/\/www.safmmarzo.com\/#\/schema\/person\/20cf655e1f77c62cd425477bcfa7ef11"},"headline":"Una consulta con una dif\u00edcil rehabilitaci\u00f3n","datePublished":"2020-04-13T06:45:29+00:00","dateModified":"2023-05-24T07:00:17+00:00","mainEntityOfPage":{"@id":"https:\/\/www.safmmarzo.com\/es\/2020\/04\/13\/una-consulta-con-una-dificil-rehabilitacion\/"},"wordCount":791,"image":{"@id":"https:\/\/www.safmmarzo.com\/es\/2020\/04\/13\/una-consulta-con-una-dificil-rehabilitacion\/#primaryimage"},"thumbnailUrl":"https:\/\/www.safmmarzo.com\/wp-content\/uploads\/2020\/04\/WhatsApp-Image-2020-04-09-at-14.01.43.jpeg","articleSection":["Marzo Sa\u00fade","Medios","Noticias"],"inLanguage":"es"},{"@type":"WebPage","@id":"https:\/\/www.safmmarzo.com\/es\/2020\/04\/13\/una-consulta-con-una-dificil-rehabilitacion\/","url":"https:\/\/www.safmmarzo.com\/es\/2020\/04\/13\/una-consulta-con-una-dificil-rehabilitacion\/","name":"Una consulta con una dif\u00edcil rehabilitaci\u00f3n - Marzo Saude","isPartOf":{"@id":"https:\/\/www.safmmarzo.com\/#website"},"primaryImageOfPage":{"@id":"https:\/\/www.safmmarzo.com\/es\/2020\/04\/13\/una-consulta-con-una-dificil-rehabilitacion\/#primaryimage"},"image":{"@id":"https:\/\/www.safmmarzo.com\/es\/2020\/04\/13\/una-consulta-con-una-dificil-rehabilitacion\/#primaryimage"},"thumbnailUrl":"https:\/\/www.safmmarzo.com\/wp-content\/uploads\/2020\/04\/WhatsApp-Image-2020-04-09-at-14.01.43.jpeg","datePublished":"2020-04-13T06:45:29+00:00","dateModified":"2023-05-24T07:00:17+00:00","author":{"@id":"https:\/\/www.safmmarzo.com\/#\/schema\/person\/20cf655e1f77c62cd425477bcfa7ef11"},"inLanguage":"es","potentialAction":[{"@type":"ReadAction","target":["https:\/\/www.safmmarzo.com\/es\/2020\/04\/13\/una-consulta-con-una-dificil-rehabilitacion\/"]}]},{"@type":"ImageObject","inLanguage":"es","@id":"https:\/\/www.safmmarzo.com\/es\/2020\/04\/13\/una-consulta-con-una-dificil-rehabilitacion\/#primaryimage","url":"https:\/\/www.safmmarzo.com\/wp-content\/uploads\/2020\/04\/WhatsApp-Image-2020-04-09-at-14.01.43.jpeg","contentUrl":"https:\/\/www.safmmarzo.com\/wp-content\/uploads\/2020\/04\/WhatsApp-Image-2020-04-09-at-14.01.43.jpeg","width":1066,"height":1600},{"@type":"WebSite","@id":"https:\/\/www.safmmarzo.com\/#website","url":"https:\/\/www.safmmarzo.com\/","name":"Marzo Saude","description":"","potentialAction":[{"@type":"SearchAction","target":{"@type":"EntryPoint","urlTemplate":"https:\/\/www.safmmarzo.com\/?s={search_term_string}"},"query-input":{"@type":"PropertyValueSpecification","valueRequired":true,"valueName":"search_term_string"}}],"inLanguage":"es"},{"@type":"Person","@id":"https:\/\/www.safmmarzo.com\/#\/schema\/person\/20cf655e1f77c62cd425477bcfa7ef11","name":"Jose Luis","image":{"@type":"ImageObject","inLanguage":"es","@id":"https:\/\/www.safmmarzo.com\/#\/schema\/person\/image\/","url":"https:\/\/secure.gravatar.com\/avatar\/bfb8ced0ec2cf4d353ad54b18004638bb6bf664deac930ee7fb3d6a922adfc5b?s=96&d=mm&r=g","contentUrl":"https:\/\/secure.gravatar.com\/avatar\/bfb8ced0ec2cf4d353ad54b18004638bb6bf664deac930ee7fb3d6a922adfc5b?s=96&d=mm&r=g","caption":"Jose Luis"},"url":"https:\/\/www.safmmarzo.com\/es\/author\/marzosaude\/"}]}},"_links":{"self":[{"href":"https:\/\/www.safmmarzo.com\/es\/wp-json\/wp\/v2\/posts\/16434","targetHints":{"allow":["GET"]}}],"collection":[{"href":"https:\/\/www.safmmarzo.com\/es\/wp-json\/wp\/v2\/posts"}],"about":[{"href":"https:\/\/www.safmmarzo.com\/es\/wp-json\/wp\/v2\/types\/post"}],"author":[{"embeddable":true,"href":"https:\/\/www.safmmarzo.com\/es\/wp-json\/wp\/v2\/users\/602"}],"replies":[{"embeddable":true,"href":"https:\/\/www.safmmarzo.com\/es\/wp-json\/wp\/v2\/comments?post=16434"}],"version-history":[{"count":5,"href":"https:\/\/www.safmmarzo.com\/es\/wp-json\/wp\/v2\/posts\/16434\/revisions"}],"predecessor-version":[{"id":16443,"href":"https:\/\/www.safmmarzo.com\/es\/wp-json\/wp\/v2\/posts\/16434\/revisions\/16443"}],"wp:featuredmedia":[{"embeddable":true,"href":"https:\/\/www.safmmarzo.com\/es\/wp-json\/wp\/v2\/media\/16432"}],"wp:attachment":[{"href":"https:\/\/www.safmmarzo.com\/es\/wp-json\/wp\/v2\/media?parent=16434"}],"wp:term":[{"taxonomy":"category","embeddable":true,"href":"https:\/\/www.safmmarzo.com\/es\/wp-json\/wp\/v2\/categories?post=16434"},{"taxonomy":"post_tag","embeddable":true,"href":"https:\/\/www.safmmarzo.com\/es\/wp-json\/wp\/v2\/tags?post=16434"}],"curies":[{"name":"wp","href":"https:\/\/api.w.org\/{rel}","templated":true}]}}