{"id":16450,"date":"2020-04-09T15:45:09","date_gmt":"2020-04-09T13:45:09","guid":{"rendered":"https:\/\/www.safmmarzo.com\/?p=16450"},"modified":"2023-05-24T09:00:18","modified_gmt":"2023-05-24T07:00:18","slug":"diario-del-confinamiento","status":"publish","type":"post","link":"https:\/\/www.safmmarzo.com\/es\/2020\/04\/09\/diario-del-confinamiento\/","title":{"rendered":"{~ Diario del confinamiento ~}"},"content":{"rendered":"[vc_row ct_row_stretch=&#8221;&#8221;][vc_column]<div id=\"ultimate-heading-988069f5cff1038d3\" class=\"uvc-heading ult-adjust-bottom-margin ultimate-heading-988069f5cff1038d3 uvc-4835 \" data-hspacer=\"no_spacer\"  data-halign=\"left\" style=\"text-align:left\"><div class=\"uvc-heading-spacer no_spacer\" style=\"top\"><\/div><div class=\"uvc-sub-heading ult-responsive\"  data-ultimate-target='.uvc-heading.ultimate-heading-988069f5cff1038d3 .uvc-sub-heading '  data-responsive-json-new='{\"font-size\":\"\",\"line-height\":\"\"}'  style=\"font-weight:normal;\">Queremos agradecer a @elprogreso_Lugo por visibilizar la lucha que estamos llevando a cabo todos los fisioterapeutas de Espa\u00f1a.<br \/>\nForo Lucense dedica su Diario del Confinamiento al aspecto empresarial y laboral de la pandemia que nos afecta. En el foro moderado por Jos\u00e9 Manuel Freire intervienen Jaime L\u00f3pez, secretario de la CEL; \u00c1ngel Tom\u00e9, secretario general del sindicato UGT en Lugo; Jos\u00e9 Luis Vali\u00f1o, empresario propietario de la cl\u00ednica de fisioterapia Marzo Sa\u00fade; y Manuel Ignacio Castro-Gil, notario de Lugo<\/p>\n<p>\u2b07\ufe0f\u00a0 En el video podeis escuchar a nuestro compa\u00f1ero Jose, junto con otros empresarios lucenses \u2b07\ufe0f<\/div><\/div><div class=\"ult-spacer spacer-69f5cff10393a\" data-id=\"69f5cff10393a\" data-height=\"40\" data-height-mobile=\"40\" data-height-tab=\"40\" data-height-tab-portrait=\"\" data-height-mobile-landscape=\"\" style=\"clear:both;display:block;\"><\/div>[vc_video link=&#8221;https:\/\/youtu.be\/RKy3lo5bvSE&#8221; align=&#8221;center&#8221;][\/vc_column][\/vc_row]\n","protected":false},"excerpt":{"rendered":"<p>[vc_row ct_row_stretch=&#8221;&#8221;][vc_column][vc_video link=&#8221;https:\/\/youtu.be\/RKy3lo5bvSE&#8221; align=&#8221;center&#8221;][\/vc_column][\/vc_row]<\/p>\n","protected":false},"author":602,"featured_media":16446,"comment_status":"closed","ping_status":"closed","sticky":false,"template":"","format":"standard","meta":{"footnotes":""},"categories":[148,149,150],"tags":[],"class_list":["post-16450","post","type-post","status-publish","format-standard","has-post-thumbnail","hentry","category-marzo-saude-es","category-medios-es","category-noticias-es"],"yoast_head":"<!-- This site is optimized with the Yoast SEO plugin v27.1.1 - https:\/\/yoast.com\/product\/yoast-seo-wordpress\/ -->\n<title>{~ Diario del confinamiento ~} - Marzo Saude<\/title>\n<meta name=\"robots\" content=\"index, follow, max-snippet:-1, max-image-preview:large, max-video-preview:-1\" \/>\n<link rel=\"canonical\" href=\"https:\/\/www.safmmarzo.com\/es\/2020\/04\/09\/diario-del-confinamiento\/\" \/>\n<meta property=\"og:locale\" content=\"es_ES\" \/>\n<meta property=\"og:type\" content=\"article\" \/>\n<meta property=\"og:title\" content=\"{~ Diario del confinamiento ~} - Marzo Saude\" \/>\n<meta property=\"og:description\" content=\"[vc_row ct_row_stretch=&#8221;&#8221;][vc_column][vc_video link=&#8221;https:\/\/youtu.be\/RKy3lo5bvSE&#8221; align=&#8221;center&#8221;][\/vc_column][\/vc_row]\" \/>\n<meta property=\"og:url\" content=\"https:\/\/www.safmmarzo.com\/es\/2020\/04\/09\/diario-del-confinamiento\/\" \/>\n<meta property=\"og:site_name\" content=\"Marzo Saude\" \/>\n<meta property=\"article:published_time\" content=\"2020-04-09T13:45:09+00:00\" \/>\n<meta property=\"article:modified_time\" content=\"2023-05-24T07:00:18+00:00\" \/>\n<meta property=\"og:image\" content=\"https:\/\/www.safmmarzo.com\/wp-content\/uploads\/2020\/04\/92363082_2874888459258396_2506195674429652992_o-1.jpg\" \/>\n\t<meta property=\"og:image:width\" content=\"719\" \/>\n\t<meta property=\"og:image:height\" content=\"540\" \/>\n\t<meta property=\"og:image:type\" content=\"image\/jpeg\" \/>\n<meta name=\"author\" content=\"Jose Luis\" \/>\n<meta name=\"twitter:card\" content=\"summary_large_image\" \/>\n<meta name=\"twitter:label1\" content=\"Escrito por\" \/>\n\t<meta name=\"twitter:data1\" content=\"Jose Luis\" \/>\n\t<meta name=\"twitter:label2\" content=\"Tiempo de lectura\" \/>\n\t<meta name=\"twitter:data2\" content=\"1 minuto\" \/>\n<script type=\"application\/ld+json\" class=\"yoast-schema-graph\">{\"@context\":\"https:\/\/schema.org\",\"@graph\":[{\"@type\":\"Article\",\"@id\":\"https:\/\/www.safmmarzo.com\/es\/2020\/04\/09\/diario-del-confinamiento\/#article\",\"isPartOf\":{\"@id\":\"https:\/\/www.safmmarzo.com\/es\/2020\/04\/09\/diario-del-confinamiento\/\"},\"author\":{\"name\":\"Jose Luis\",\"@id\":\"https:\/\/www.safmmarzo.com\/#\/schema\/person\/20cf655e1f77c62cd425477bcfa7ef11\"},\"headline\":\"{~ Diario del confinamiento ~}\",\"datePublished\":\"2020-04-09T13:45:09+00:00\",\"dateModified\":\"2023-05-24T07:00:18+00:00\",\"mainEntityOfPage\":{\"@id\":\"https:\/\/www.safmmarzo.com\/es\/2020\/04\/09\/diario-del-confinamiento\/\"},\"wordCount\":138,\"image\":{\"@id\":\"https:\/\/www.safmmarzo.com\/es\/2020\/04\/09\/diario-del-confinamiento\/#primaryimage\"},\"thumbnailUrl\":\"https:\/\/www.safmmarzo.com\/wp-content\/uploads\/2020\/04\/92363082_2874888459258396_2506195674429652992_o-1.jpg\",\"articleSection\":[\"Marzo Sa\u00fade\",\"Medios\",\"Noticias\"],\"inLanguage\":\"es\"},{\"@type\":\"WebPage\",\"@id\":\"https:\/\/www.safmmarzo.com\/es\/2020\/04\/09\/diario-del-confinamiento\/\",\"url\":\"https:\/\/www.safmmarzo.com\/es\/2020\/04\/09\/diario-del-confinamiento\/\",\"name\":\"{~ Diario del confinamiento ~} - Marzo Saude\",\"isPartOf\":{\"@id\":\"https:\/\/www.safmmarzo.com\/#website\"},\"primaryImageOfPage\":{\"@id\":\"https:\/\/www.safmmarzo.com\/es\/2020\/04\/09\/diario-del-confinamiento\/#primaryimage\"},\"image\":{\"@id\":\"https:\/\/www.safmmarzo.com\/es\/2020\/04\/09\/diario-del-confinamiento\/#primaryimage\"},\"thumbnailUrl\":\"https:\/\/www.safmmarzo.com\/wp-content\/uploads\/2020\/04\/92363082_2874888459258396_2506195674429652992_o-1.jpg\",\"datePublished\":\"2020-04-09T13:45:09+00:00\",\"dateModified\":\"2023-05-24T07:00:18+00:00\",\"author\":{\"@id\":\"https:\/\/www.safmmarzo.com\/#\/schema\/person\/20cf655e1f77c62cd425477bcfa7ef11\"},\"inLanguage\":\"es\",\"potentialAction\":[{\"@type\":\"ReadAction\",\"target\":[\"https:\/\/www.safmmarzo.com\/es\/2020\/04\/09\/diario-del-confinamiento\/\"]}]},{\"@type\":\"ImageObject\",\"inLanguage\":\"es\",\"@id\":\"https:\/\/www.safmmarzo.com\/es\/2020\/04\/09\/diario-del-confinamiento\/#primaryimage\",\"url\":\"https:\/\/www.safmmarzo.com\/wp-content\/uploads\/2020\/04\/92363082_2874888459258396_2506195674429652992_o-1.jpg\",\"contentUrl\":\"https:\/\/www.safmmarzo.com\/wp-content\/uploads\/2020\/04\/92363082_2874888459258396_2506195674429652992_o-1.jpg\",\"width\":719,\"height\":540},{\"@type\":\"WebSite\",\"@id\":\"https:\/\/www.safmmarzo.com\/#website\",\"url\":\"https:\/\/www.safmmarzo.com\/\",\"name\":\"Marzo Saude\",\"description\":\"\",\"potentialAction\":[{\"@type\":\"SearchAction\",\"target\":{\"@type\":\"EntryPoint\",\"urlTemplate\":\"https:\/\/www.safmmarzo.com\/?s={search_term_string}\"},\"query-input\":{\"@type\":\"PropertyValueSpecification\",\"valueRequired\":true,\"valueName\":\"search_term_string\"}}],\"inLanguage\":\"es\"},{\"@type\":\"Person\",\"@id\":\"https:\/\/www.safmmarzo.com\/#\/schema\/person\/20cf655e1f77c62cd425477bcfa7ef11\",\"name\":\"Jose Luis\",\"image\":{\"@type\":\"ImageObject\",\"inLanguage\":\"es\",\"@id\":\"https:\/\/www.safmmarzo.com\/#\/schema\/person\/image\/\",\"url\":\"https:\/\/secure.gravatar.com\/avatar\/bfb8ced0ec2cf4d353ad54b18004638bb6bf664deac930ee7fb3d6a922adfc5b?s=96&d=mm&r=g\",\"contentUrl\":\"https:\/\/secure.gravatar.com\/avatar\/bfb8ced0ec2cf4d353ad54b18004638bb6bf664deac930ee7fb3d6a922adfc5b?s=96&d=mm&r=g\",\"caption\":\"Jose Luis\"},\"url\":\"https:\/\/www.safmmarzo.com\/es\/author\/marzosaude\/\"}]}<\/script>\n<!-- \/ Yoast SEO plugin. -->","yoast_head_json":{"title":"{~ Diario del confinamiento ~} - Marzo Saude","robots":{"index":"index","follow":"follow","max-snippet":"max-snippet:-1","max-image-preview":"max-image-preview:large","max-video-preview":"max-video-preview:-1"},"canonical":"https:\/\/www.safmmarzo.com\/es\/2020\/04\/09\/diario-del-confinamiento\/","og_locale":"es_ES","og_type":"article","og_title":"{~ Diario del confinamiento ~} - Marzo Saude","og_description":"[vc_row ct_row_stretch=&#8221;&#8221;][vc_column][vc_video link=&#8221;https:\/\/youtu.be\/RKy3lo5bvSE&#8221; align=&#8221;center&#8221;][\/vc_column][\/vc_row]","og_url":"https:\/\/www.safmmarzo.com\/es\/2020\/04\/09\/diario-del-confinamiento\/","og_site_name":"Marzo Saude","article_published_time":"2020-04-09T13:45:09+00:00","article_modified_time":"2023-05-24T07:00:18+00:00","og_image":[{"width":719,"height":540,"url":"https:\/\/www.safmmarzo.com\/wp-content\/uploads\/2020\/04\/92363082_2874888459258396_2506195674429652992_o-1.jpg","type":"image\/jpeg"}],"author":"Jose Luis","twitter_card":"summary_large_image","twitter_misc":{"Escrito por":"Jose Luis","Tiempo de lectura":"1 minuto"},"schema":{"@context":"https:\/\/schema.org","@graph":[{"@type":"Article","@id":"https:\/\/www.safmmarzo.com\/es\/2020\/04\/09\/diario-del-confinamiento\/#article","isPartOf":{"@id":"https:\/\/www.safmmarzo.com\/es\/2020\/04\/09\/diario-del-confinamiento\/"},"author":{"name":"Jose Luis","@id":"https:\/\/www.safmmarzo.com\/#\/schema\/person\/20cf655e1f77c62cd425477bcfa7ef11"},"headline":"{~ Diario del confinamiento ~}","datePublished":"2020-04-09T13:45:09+00:00","dateModified":"2023-05-24T07:00:18+00:00","mainEntityOfPage":{"@id":"https:\/\/www.safmmarzo.com\/es\/2020\/04\/09\/diario-del-confinamiento\/"},"wordCount":138,"image":{"@id":"https:\/\/www.safmmarzo.com\/es\/2020\/04\/09\/diario-del-confinamiento\/#primaryimage"},"thumbnailUrl":"https:\/\/www.safmmarzo.com\/wp-content\/uploads\/2020\/04\/92363082_2874888459258396_2506195674429652992_o-1.jpg","articleSection":["Marzo Sa\u00fade","Medios","Noticias"],"inLanguage":"es"},{"@type":"WebPage","@id":"https:\/\/www.safmmarzo.com\/es\/2020\/04\/09\/diario-del-confinamiento\/","url":"https:\/\/www.safmmarzo.com\/es\/2020\/04\/09\/diario-del-confinamiento\/","name":"{~ Diario del confinamiento ~} - Marzo Saude","isPartOf":{"@id":"https:\/\/www.safmmarzo.com\/#website"},"primaryImageOfPage":{"@id":"https:\/\/www.safmmarzo.com\/es\/2020\/04\/09\/diario-del-confinamiento\/#primaryimage"},"image":{"@id":"https:\/\/www.safmmarzo.com\/es\/2020\/04\/09\/diario-del-confinamiento\/#primaryimage"},"thumbnailUrl":"https:\/\/www.safmmarzo.com\/wp-content\/uploads\/2020\/04\/92363082_2874888459258396_2506195674429652992_o-1.jpg","datePublished":"2020-04-09T13:45:09+00:00","dateModified":"2023-05-24T07:00:18+00:00","author":{"@id":"https:\/\/www.safmmarzo.com\/#\/schema\/person\/20cf655e1f77c62cd425477bcfa7ef11"},"inLanguage":"es","potentialAction":[{"@type":"ReadAction","target":["https:\/\/www.safmmarzo.com\/es\/2020\/04\/09\/diario-del-confinamiento\/"]}]},{"@type":"ImageObject","inLanguage":"es","@id":"https:\/\/www.safmmarzo.com\/es\/2020\/04\/09\/diario-del-confinamiento\/#primaryimage","url":"https:\/\/www.safmmarzo.com\/wp-content\/uploads\/2020\/04\/92363082_2874888459258396_2506195674429652992_o-1.jpg","contentUrl":"https:\/\/www.safmmarzo.com\/wp-content\/uploads\/2020\/04\/92363082_2874888459258396_2506195674429652992_o-1.jpg","width":719,"height":540},{"@type":"WebSite","@id":"https:\/\/www.safmmarzo.com\/#website","url":"https:\/\/www.safmmarzo.com\/","name":"Marzo Saude","description":"","potentialAction":[{"@type":"SearchAction","target":{"@type":"EntryPoint","urlTemplate":"https:\/\/www.safmmarzo.com\/?s={search_term_string}"},"query-input":{"@type":"PropertyValueSpecification","valueRequired":true,"valueName":"search_term_string"}}],"inLanguage":"es"},{"@type":"Person","@id":"https:\/\/www.safmmarzo.com\/#\/schema\/person\/20cf655e1f77c62cd425477bcfa7ef11","name":"Jose Luis","image":{"@type":"ImageObject","inLanguage":"es","@id":"https:\/\/www.safmmarzo.com\/#\/schema\/person\/image\/","url":"https:\/\/secure.gravatar.com\/avatar\/bfb8ced0ec2cf4d353ad54b18004638bb6bf664deac930ee7fb3d6a922adfc5b?s=96&d=mm&r=g","contentUrl":"https:\/\/secure.gravatar.com\/avatar\/bfb8ced0ec2cf4d353ad54b18004638bb6bf664deac930ee7fb3d6a922adfc5b?s=96&d=mm&r=g","caption":"Jose Luis"},"url":"https:\/\/www.safmmarzo.com\/es\/author\/marzosaude\/"}]}},"_links":{"self":[{"href":"https:\/\/www.safmmarzo.com\/es\/wp-json\/wp\/v2\/posts\/16450","targetHints":{"allow":["GET"]}}],"collection":[{"href":"https:\/\/www.safmmarzo.com\/es\/wp-json\/wp\/v2\/posts"}],"about":[{"href":"https:\/\/www.safmmarzo.com\/es\/wp-json\/wp\/v2\/types\/post"}],"author":[{"embeddable":true,"href":"https:\/\/www.safmmarzo.com\/es\/wp-json\/wp\/v2\/users\/602"}],"replies":[{"embeddable":true,"href":"https:\/\/www.safmmarzo.com\/es\/wp-json\/wp\/v2\/comments?post=16450"}],"version-history":[{"count":2,"href":"https:\/\/www.safmmarzo.com\/es\/wp-json\/wp\/v2\/posts\/16450\/revisions"}],"predecessor-version":[{"id":16452,"href":"https:\/\/www.safmmarzo.com\/es\/wp-json\/wp\/v2\/posts\/16450\/revisions\/16452"}],"wp:featuredmedia":[{"embeddable":true,"href":"https:\/\/www.safmmarzo.com\/es\/wp-json\/wp\/v2\/media\/16446"}],"wp:attachment":[{"href":"https:\/\/www.safmmarzo.com\/es\/wp-json\/wp\/v2\/media?parent=16450"}],"wp:term":[{"taxonomy":"category","embeddable":true,"href":"https:\/\/www.safmmarzo.com\/es\/wp-json\/wp\/v2\/categories?post=16450"},{"taxonomy":"post_tag","embeddable":true,"href":"https:\/\/www.safmmarzo.com\/es\/wp-json\/wp\/v2\/tags?post=16450"}],"curies":[{"name":"wp","href":"https:\/\/api.w.org\/{rel}","templated":true}]}}