{"id":16457,"date":"2013-02-05T07:32:20","date_gmt":"2013-02-05T06:32:20","guid":{"rendered":"https:\/\/www.safmmarzo.com\/?p=16457"},"modified":"2023-05-24T09:03:50","modified_gmt":"2023-05-24T07:03:50","slug":"marzo-saude-organiza-una-jornada-solidaria-en-la-que-piden-que-cada-participante-done-un-quilo-de-comida","status":"publish","type":"post","link":"https:\/\/www.safmmarzo.com\/es\/2013\/02\/05\/marzo-saude-organiza-una-jornada-solidaria-en-la-que-piden-que-cada-participante-done-un-quilo-de-comida\/","title":{"rendered":"Marzo Sa\u00fade organiza una jornada solidaria en la que piden que cada participante done un quilo de comida"},"content":{"rendered":"<p><em>O Centro de fisioterapeutas, enfermeiros e pod\u00f3logos Marzo Sa\u00fade est\u00e1 a organizar unha xornada solidaria en Castroverde para o vindeiro 17 de marzo. Amais de numerosas actividades deportivas e a celebraci\u00f3n dun xantar, os integrantes de Marzo Sa\u00fade pediranlle a cada un dos participantes que faga entrega dun quilo de comida non perecedeira para poder doar ao Banco de Alimentos de Lugo.<\/em><\/p>\n<p>Ademais de organizar a xornada, Marzo Sa\u00fade comprom\u00e9tese a depositar un quilo m\u00e1is de comida por cada un que entreguen os participantes. O reto, segundo indican os organizadores, \u00e9 alcanzar os 300 quilos de alimentos. Tam\u00e9n se vai agasallar a todos os participantes cunha camiseta conmemorativa do evento.<\/p>\n<p>A primeira das actividades desenvolverase p\u00f3la ma\u00f1\u00e1 e consistir\u00e1 nunha marcha ciclotur\u00edstica p\u00f3lo municipio lucense. Os organizadores pretenden que sexa unha ruta doada, para que poidan participar os adultos e tam\u00e9n os m\u00e1is novos. Ao mediod\u00eda celebrase o xantar nunha carpa colocada ao lado do polideportivo, onde se van realizar o resto de actividades. Parte do custo da comida tam\u00e9n ser\u00e1 doado a entidades sociais.<\/p>\n<p>Xa pola tarde ser\u00e1 a quenda de actividades de pilates e zumba, \u00e1s que seguir\u00e1 un marat\u00f3n de f\u00fatbol sala.<\/p>\n<p><strong>Nota de prensa<\/strong><\/p>\n<p>Castroverde, 5 de febreiro de 2013<br \/>\nR. Rosal\u00eda de Castro, 49 &#8211; baixo\u00a0 27120 Castroverde &#8211; Lugo<\/p>\n<p>marzosaude@safmmarzo.com\u00a0\u00a0 Tlf: 982 31 30 01<\/p>\n","protected":false},"excerpt":{"rendered":"<p>O Centro de fisioterapeutas, enfermeiros e pod\u00f3logos Marzo Sa\u00fade est\u00e1 a organizar unha xornada solidaria en Castroverde para o vindeiro 17 de marzo. Amais de numerosas actividades deportivas e a celebraci\u00f3n dun xantar, os integrantes de Marzo Sa\u00fade pediranlle a cada un dos participantes que faga entrega dun quilo de comida non perecedeira para poder &#8230;<\/p>\n","protected":false},"author":602,"featured_media":16454,"comment_status":"closed","ping_status":"closed","sticky":false,"template":"","format":"standard","meta":{"footnotes":""},"categories":[148,149],"tags":[],"class_list":["post-16457","post","type-post","status-publish","format-standard","has-post-thumbnail","hentry","category-marzo-saude-es","category-medios-es"],"yoast_head":"<!-- This site is optimized with the Yoast SEO plugin v27.1.1 - https:\/\/yoast.com\/product\/yoast-seo-wordpress\/ -->\n<title>Marzo Sa\u00fade organiza una jornada solidaria en la que piden que cada participante done un quilo de comida - Marzo Saude<\/title>\n<meta name=\"robots\" content=\"index, follow, max-snippet:-1, max-image-preview:large, max-video-preview:-1\" \/>\n<link rel=\"canonical\" href=\"https:\/\/www.safmmarzo.com\/es\/2013\/02\/05\/marzo-saude-organiza-una-jornada-solidaria-en-la-que-piden-que-cada-participante-done-un-quilo-de-comida\/\" \/>\n<meta property=\"og:locale\" content=\"es_ES\" \/>\n<meta property=\"og:type\" content=\"article\" \/>\n<meta property=\"og:title\" content=\"Marzo Sa\u00fade organiza una jornada solidaria en la que piden que cada participante done un quilo de comida - Marzo Saude\" \/>\n<meta property=\"og:description\" content=\"O Centro de fisioterapeutas, enfermeiros e pod\u00f3logos Marzo Sa\u00fade est\u00e1 a organizar unha xornada solidaria en Castroverde para o vindeiro 17 de marzo. Amais de numerosas actividades deportivas e a celebraci\u00f3n dun xantar, os integrantes de Marzo Sa\u00fade pediranlle a cada un dos participantes que faga entrega dun quilo de comida non perecedeira para poder ...\" \/>\n<meta property=\"og:url\" content=\"https:\/\/www.safmmarzo.com\/es\/2013\/02\/05\/marzo-saude-organiza-una-jornada-solidaria-en-la-que-piden-que-cada-participante-done-un-quilo-de-comida\/\" \/>\n<meta property=\"og:site_name\" content=\"Marzo Saude\" \/>\n<meta property=\"article:published_time\" content=\"2013-02-05T06:32:20+00:00\" \/>\n<meta property=\"article:modified_time\" content=\"2023-05-24T07:03:50+00:00\" \/>\n<meta property=\"og:image\" content=\"https:\/\/www.safmmarzo.com\/wp-content\/uploads\/2013\/02\/marzosaude.jpg\" \/>\n\t<meta property=\"og:image:width\" content=\"1632\" \/>\n\t<meta property=\"og:image:height\" content=\"876\" \/>\n\t<meta property=\"og:image:type\" content=\"image\/jpeg\" \/>\n<meta name=\"author\" content=\"Jose Luis\" \/>\n<meta name=\"twitter:card\" content=\"summary_large_image\" \/>\n<meta name=\"twitter:label1\" content=\"Escrito por\" \/>\n\t<meta name=\"twitter:data1\" content=\"Jose Luis\" \/>\n\t<meta name=\"twitter:label2\" content=\"Tiempo de lectura\" \/>\n\t<meta name=\"twitter:data2\" content=\"2 minutos\" \/>\n<script type=\"application\/ld+json\" class=\"yoast-schema-graph\">{\"@context\":\"https:\/\/schema.org\",\"@graph\":[{\"@type\":\"Article\",\"@id\":\"https:\/\/www.safmmarzo.com\/es\/2013\/02\/05\/marzo-saude-organiza-una-jornada-solidaria-en-la-que-piden-que-cada-participante-done-un-quilo-de-comida\/#article\",\"isPartOf\":{\"@id\":\"https:\/\/www.safmmarzo.com\/es\/2013\/02\/05\/marzo-saude-organiza-una-jornada-solidaria-en-la-que-piden-que-cada-participante-done-un-quilo-de-comida\/\"},\"author\":{\"name\":\"Jose Luis\",\"@id\":\"https:\/\/www.safmmarzo.com\/#\/schema\/person\/20cf655e1f77c62cd425477bcfa7ef11\"},\"headline\":\"Marzo Sa\u00fade organiza una jornada solidaria en la que piden que cada participante done un quilo de comida\",\"datePublished\":\"2013-02-05T06:32:20+00:00\",\"dateModified\":\"2023-05-24T07:03:50+00:00\",\"mainEntityOfPage\":{\"@id\":\"https:\/\/www.safmmarzo.com\/es\/2013\/02\/05\/marzo-saude-organiza-una-jornada-solidaria-en-la-que-piden-que-cada-participante-done-un-quilo-de-comida\/\"},\"wordCount\":249,\"image\":{\"@id\":\"https:\/\/www.safmmarzo.com\/es\/2013\/02\/05\/marzo-saude-organiza-una-jornada-solidaria-en-la-que-piden-que-cada-participante-done-un-quilo-de-comida\/#primaryimage\"},\"thumbnailUrl\":\"https:\/\/www.safmmarzo.com\/wp-content\/uploads\/2013\/02\/marzosaude.jpg\",\"articleSection\":[\"Marzo Sa\u00fade\",\"Medios\"],\"inLanguage\":\"es\"},{\"@type\":\"WebPage\",\"@id\":\"https:\/\/www.safmmarzo.com\/es\/2013\/02\/05\/marzo-saude-organiza-una-jornada-solidaria-en-la-que-piden-que-cada-participante-done-un-quilo-de-comida\/\",\"url\":\"https:\/\/www.safmmarzo.com\/es\/2013\/02\/05\/marzo-saude-organiza-una-jornada-solidaria-en-la-que-piden-que-cada-participante-done-un-quilo-de-comida\/\",\"name\":\"Marzo Sa\u00fade organiza una jornada solidaria en la que piden que cada participante done un quilo de comida - Marzo Saude\",\"isPartOf\":{\"@id\":\"https:\/\/www.safmmarzo.com\/#website\"},\"primaryImageOfPage\":{\"@id\":\"https:\/\/www.safmmarzo.com\/es\/2013\/02\/05\/marzo-saude-organiza-una-jornada-solidaria-en-la-que-piden-que-cada-participante-done-un-quilo-de-comida\/#primaryimage\"},\"image\":{\"@id\":\"https:\/\/www.safmmarzo.com\/es\/2013\/02\/05\/marzo-saude-organiza-una-jornada-solidaria-en-la-que-piden-que-cada-participante-done-un-quilo-de-comida\/#primaryimage\"},\"thumbnailUrl\":\"https:\/\/www.safmmarzo.com\/wp-content\/uploads\/2013\/02\/marzosaude.jpg\",\"datePublished\":\"2013-02-05T06:32:20+00:00\",\"dateModified\":\"2023-05-24T07:03:50+00:00\",\"author\":{\"@id\":\"https:\/\/www.safmmarzo.com\/#\/schema\/person\/20cf655e1f77c62cd425477bcfa7ef11\"},\"inLanguage\":\"es\",\"potentialAction\":[{\"@type\":\"ReadAction\",\"target\":[\"https:\/\/www.safmmarzo.com\/es\/2013\/02\/05\/marzo-saude-organiza-una-jornada-solidaria-en-la-que-piden-que-cada-participante-done-un-quilo-de-comida\/\"]}]},{\"@type\":\"ImageObject\",\"inLanguage\":\"es\",\"@id\":\"https:\/\/www.safmmarzo.com\/es\/2013\/02\/05\/marzo-saude-organiza-una-jornada-solidaria-en-la-que-piden-que-cada-participante-done-un-quilo-de-comida\/#primaryimage\",\"url\":\"https:\/\/www.safmmarzo.com\/wp-content\/uploads\/2013\/02\/marzosaude.jpg\",\"contentUrl\":\"https:\/\/www.safmmarzo.com\/wp-content\/uploads\/2013\/02\/marzosaude.jpg\",\"width\":1632,\"height\":876},{\"@type\":\"WebSite\",\"@id\":\"https:\/\/www.safmmarzo.com\/#website\",\"url\":\"https:\/\/www.safmmarzo.com\/\",\"name\":\"Marzo Saude\",\"description\":\"\",\"potentialAction\":[{\"@type\":\"SearchAction\",\"target\":{\"@type\":\"EntryPoint\",\"urlTemplate\":\"https:\/\/www.safmmarzo.com\/?s={search_term_string}\"},\"query-input\":{\"@type\":\"PropertyValueSpecification\",\"valueRequired\":true,\"valueName\":\"search_term_string\"}}],\"inLanguage\":\"es\"},{\"@type\":\"Person\",\"@id\":\"https:\/\/www.safmmarzo.com\/#\/schema\/person\/20cf655e1f77c62cd425477bcfa7ef11\",\"name\":\"Jose Luis\",\"image\":{\"@type\":\"ImageObject\",\"inLanguage\":\"es\",\"@id\":\"https:\/\/www.safmmarzo.com\/#\/schema\/person\/image\/\",\"url\":\"https:\/\/secure.gravatar.com\/avatar\/bfb8ced0ec2cf4d353ad54b18004638bb6bf664deac930ee7fb3d6a922adfc5b?s=96&d=mm&r=g\",\"contentUrl\":\"https:\/\/secure.gravatar.com\/avatar\/bfb8ced0ec2cf4d353ad54b18004638bb6bf664deac930ee7fb3d6a922adfc5b?s=96&d=mm&r=g\",\"caption\":\"Jose Luis\"},\"url\":\"https:\/\/www.safmmarzo.com\/es\/author\/marzosaude\/\"}]}<\/script>\n<!-- \/ Yoast SEO plugin. -->","yoast_head_json":{"title":"Marzo Sa\u00fade organiza una jornada solidaria en la que piden que cada participante done un quilo de comida - Marzo Saude","robots":{"index":"index","follow":"follow","max-snippet":"max-snippet:-1","max-image-preview":"max-image-preview:large","max-video-preview":"max-video-preview:-1"},"canonical":"https:\/\/www.safmmarzo.com\/es\/2013\/02\/05\/marzo-saude-organiza-una-jornada-solidaria-en-la-que-piden-que-cada-participante-done-un-quilo-de-comida\/","og_locale":"es_ES","og_type":"article","og_title":"Marzo Sa\u00fade organiza una jornada solidaria en la que piden que cada participante done un quilo de comida - Marzo Saude","og_description":"O Centro de fisioterapeutas, enfermeiros e pod\u00f3logos Marzo Sa\u00fade est\u00e1 a organizar unha xornada solidaria en Castroverde para o vindeiro 17 de marzo. Amais de numerosas actividades deportivas e a celebraci\u00f3n dun xantar, os integrantes de Marzo Sa\u00fade pediranlle a cada un dos participantes que faga entrega dun quilo de comida non perecedeira para poder ...","og_url":"https:\/\/www.safmmarzo.com\/es\/2013\/02\/05\/marzo-saude-organiza-una-jornada-solidaria-en-la-que-piden-que-cada-participante-done-un-quilo-de-comida\/","og_site_name":"Marzo Saude","article_published_time":"2013-02-05T06:32:20+00:00","article_modified_time":"2023-05-24T07:03:50+00:00","og_image":[{"width":1632,"height":876,"url":"https:\/\/www.safmmarzo.com\/wp-content\/uploads\/2013\/02\/marzosaude.jpg","type":"image\/jpeg"}],"author":"Jose Luis","twitter_card":"summary_large_image","twitter_misc":{"Escrito por":"Jose Luis","Tiempo de lectura":"2 minutos"},"schema":{"@context":"https:\/\/schema.org","@graph":[{"@type":"Article","@id":"https:\/\/www.safmmarzo.com\/es\/2013\/02\/05\/marzo-saude-organiza-una-jornada-solidaria-en-la-que-piden-que-cada-participante-done-un-quilo-de-comida\/#article","isPartOf":{"@id":"https:\/\/www.safmmarzo.com\/es\/2013\/02\/05\/marzo-saude-organiza-una-jornada-solidaria-en-la-que-piden-que-cada-participante-done-un-quilo-de-comida\/"},"author":{"name":"Jose Luis","@id":"https:\/\/www.safmmarzo.com\/#\/schema\/person\/20cf655e1f77c62cd425477bcfa7ef11"},"headline":"Marzo Sa\u00fade organiza una jornada solidaria en la que piden que cada participante done un quilo de comida","datePublished":"2013-02-05T06:32:20+00:00","dateModified":"2023-05-24T07:03:50+00:00","mainEntityOfPage":{"@id":"https:\/\/www.safmmarzo.com\/es\/2013\/02\/05\/marzo-saude-organiza-una-jornada-solidaria-en-la-que-piden-que-cada-participante-done-un-quilo-de-comida\/"},"wordCount":249,"image":{"@id":"https:\/\/www.safmmarzo.com\/es\/2013\/02\/05\/marzo-saude-organiza-una-jornada-solidaria-en-la-que-piden-que-cada-participante-done-un-quilo-de-comida\/#primaryimage"},"thumbnailUrl":"https:\/\/www.safmmarzo.com\/wp-content\/uploads\/2013\/02\/marzosaude.jpg","articleSection":["Marzo Sa\u00fade","Medios"],"inLanguage":"es"},{"@type":"WebPage","@id":"https:\/\/www.safmmarzo.com\/es\/2013\/02\/05\/marzo-saude-organiza-una-jornada-solidaria-en-la-que-piden-que-cada-participante-done-un-quilo-de-comida\/","url":"https:\/\/www.safmmarzo.com\/es\/2013\/02\/05\/marzo-saude-organiza-una-jornada-solidaria-en-la-que-piden-que-cada-participante-done-un-quilo-de-comida\/","name":"Marzo Sa\u00fade organiza una jornada solidaria en la que piden que cada participante done un quilo de comida - Marzo Saude","isPartOf":{"@id":"https:\/\/www.safmmarzo.com\/#website"},"primaryImageOfPage":{"@id":"https:\/\/www.safmmarzo.com\/es\/2013\/02\/05\/marzo-saude-organiza-una-jornada-solidaria-en-la-que-piden-que-cada-participante-done-un-quilo-de-comida\/#primaryimage"},"image":{"@id":"https:\/\/www.safmmarzo.com\/es\/2013\/02\/05\/marzo-saude-organiza-una-jornada-solidaria-en-la-que-piden-que-cada-participante-done-un-quilo-de-comida\/#primaryimage"},"thumbnailUrl":"https:\/\/www.safmmarzo.com\/wp-content\/uploads\/2013\/02\/marzosaude.jpg","datePublished":"2013-02-05T06:32:20+00:00","dateModified":"2023-05-24T07:03:50+00:00","author":{"@id":"https:\/\/www.safmmarzo.com\/#\/schema\/person\/20cf655e1f77c62cd425477bcfa7ef11"},"inLanguage":"es","potentialAction":[{"@type":"ReadAction","target":["https:\/\/www.safmmarzo.com\/es\/2013\/02\/05\/marzo-saude-organiza-una-jornada-solidaria-en-la-que-piden-que-cada-participante-done-un-quilo-de-comida\/"]}]},{"@type":"ImageObject","inLanguage":"es","@id":"https:\/\/www.safmmarzo.com\/es\/2013\/02\/05\/marzo-saude-organiza-una-jornada-solidaria-en-la-que-piden-que-cada-participante-done-un-quilo-de-comida\/#primaryimage","url":"https:\/\/www.safmmarzo.com\/wp-content\/uploads\/2013\/02\/marzosaude.jpg","contentUrl":"https:\/\/www.safmmarzo.com\/wp-content\/uploads\/2013\/02\/marzosaude.jpg","width":1632,"height":876},{"@type":"WebSite","@id":"https:\/\/www.safmmarzo.com\/#website","url":"https:\/\/www.safmmarzo.com\/","name":"Marzo Saude","description":"","potentialAction":[{"@type":"SearchAction","target":{"@type":"EntryPoint","urlTemplate":"https:\/\/www.safmmarzo.com\/?s={search_term_string}"},"query-input":{"@type":"PropertyValueSpecification","valueRequired":true,"valueName":"search_term_string"}}],"inLanguage":"es"},{"@type":"Person","@id":"https:\/\/www.safmmarzo.com\/#\/schema\/person\/20cf655e1f77c62cd425477bcfa7ef11","name":"Jose Luis","image":{"@type":"ImageObject","inLanguage":"es","@id":"https:\/\/www.safmmarzo.com\/#\/schema\/person\/image\/","url":"https:\/\/secure.gravatar.com\/avatar\/bfb8ced0ec2cf4d353ad54b18004638bb6bf664deac930ee7fb3d6a922adfc5b?s=96&d=mm&r=g","contentUrl":"https:\/\/secure.gravatar.com\/avatar\/bfb8ced0ec2cf4d353ad54b18004638bb6bf664deac930ee7fb3d6a922adfc5b?s=96&d=mm&r=g","caption":"Jose Luis"},"url":"https:\/\/www.safmmarzo.com\/es\/author\/marzosaude\/"}]}},"_links":{"self":[{"href":"https:\/\/www.safmmarzo.com\/es\/wp-json\/wp\/v2\/posts\/16457","targetHints":{"allow":["GET"]}}],"collection":[{"href":"https:\/\/www.safmmarzo.com\/es\/wp-json\/wp\/v2\/posts"}],"about":[{"href":"https:\/\/www.safmmarzo.com\/es\/wp-json\/wp\/v2\/types\/post"}],"author":[{"embeddable":true,"href":"https:\/\/www.safmmarzo.com\/es\/wp-json\/wp\/v2\/users\/602"}],"replies":[{"embeddable":true,"href":"https:\/\/www.safmmarzo.com\/es\/wp-json\/wp\/v2\/comments?post=16457"}],"version-history":[{"count":2,"href":"https:\/\/www.safmmarzo.com\/es\/wp-json\/wp\/v2\/posts\/16457\/revisions"}],"predecessor-version":[{"id":16459,"href":"https:\/\/www.safmmarzo.com\/es\/wp-json\/wp\/v2\/posts\/16457\/revisions\/16459"}],"wp:featuredmedia":[{"embeddable":true,"href":"https:\/\/www.safmmarzo.com\/es\/wp-json\/wp\/v2\/media\/16454"}],"wp:attachment":[{"href":"https:\/\/www.safmmarzo.com\/es\/wp-json\/wp\/v2\/media?parent=16457"}],"wp:term":[{"taxonomy":"category","embeddable":true,"href":"https:\/\/www.safmmarzo.com\/es\/wp-json\/wp\/v2\/categories?post=16457"},{"taxonomy":"post_tag","embeddable":true,"href":"https:\/\/www.safmmarzo.com\/es\/wp-json\/wp\/v2\/tags?post=16457"}],"curies":[{"name":"wp","href":"https:\/\/api.w.org\/{rel}","templated":true}]}}