{"id":16511,"date":"2014-03-26T07:41:54","date_gmt":"2014-03-26T06:41:54","guid":{"rendered":"https:\/\/www.safmmarzo.com\/?p=16511"},"modified":"2023-05-24T09:03:06","modified_gmt":"2023-05-24T07:03:06","slug":"entrevista-a-jose-luis-valino-en-cope-lugo-tras-la-prueba-deportiva-solidaria","status":"publish","type":"post","link":"https:\/\/www.safmmarzo.com\/es\/2014\/03\/26\/entrevista-a-jose-luis-valino-en-cope-lugo-tras-la-prueba-deportiva-solidaria\/","title":{"rendered":"Entrevista a Jos\u00e9 Luis Vali\u00f1o en Cope Lugo tras la prueba deportiva solidaria"},"content":{"rendered":"<p>M\u00e9rcores, 26 de marzo de 2014<br \/>\nPara escucharla:<\/p>\n<audio class=\"wp-audio-shortcode\" id=\"audio-16511-1\" preload=\"none\" style=\"width: 100%;\" controls=\"controls\"><source type=\"audio\/mpeg\" src=\"https:\/\/www.safmmarzo.com\/wp-content\/uploads\/2022\/12\/entrevista_cope.mp3?_=1\" \/><a href=\"https:\/\/www.safmmarzo.com\/wp-content\/uploads\/2022\/12\/entrevista_cope.mp3\">https:\/\/www.safmmarzo.com\/wp-content\/uploads\/2022\/12\/entrevista_cope.mp3<\/a><\/audio>\n","protected":false},"excerpt":{"rendered":"<p>M\u00e9rcores, 26 de marzo de 2014 Para escucharla:<\/p>\n","protected":false},"author":602,"featured_media":16505,"comment_status":"closed","ping_status":"closed","sticky":false,"template":"","format":"standard","meta":{"footnotes":""},"categories":[151],"tags":[],"class_list":["post-16511","post","type-post","status-publish","format-standard","has-post-thumbnail","hentry","category-sin-categoria-es"],"yoast_head":"<!-- This site is optimized with the Yoast SEO plugin v27.1.1 - https:\/\/yoast.com\/product\/yoast-seo-wordpress\/ -->\n<title>Entrevista a Jos\u00e9 Luis Vali\u00f1o en Cope Lugo tras la prueba deportiva solidaria - Marzo Saude<\/title>\n<meta name=\"robots\" content=\"index, follow, max-snippet:-1, max-image-preview:large, max-video-preview:-1\" \/>\n<link rel=\"canonical\" href=\"https:\/\/www.safmmarzo.com\/es\/2014\/03\/26\/entrevista-a-jose-luis-valino-en-cope-lugo-tras-la-prueba-deportiva-solidaria\/\" \/>\n<meta property=\"og:locale\" content=\"es_ES\" \/>\n<meta property=\"og:type\" content=\"article\" \/>\n<meta property=\"og:title\" content=\"Entrevista a Jos\u00e9 Luis Vali\u00f1o en Cope Lugo tras la prueba deportiva solidaria - Marzo Saude\" \/>\n<meta property=\"og:description\" content=\"M\u00e9rcores, 26 de marzo de 2014 Para escucharla:\" \/>\n<meta property=\"og:url\" content=\"https:\/\/www.safmmarzo.com\/es\/2014\/03\/26\/entrevista-a-jose-luis-valino-en-cope-lugo-tras-la-prueba-deportiva-solidaria\/\" \/>\n<meta property=\"og:site_name\" content=\"Marzo Saude\" \/>\n<meta property=\"article:published_time\" content=\"2014-03-26T06:41:54+00:00\" \/>\n<meta property=\"article:modified_time\" content=\"2023-05-24T07:03:06+00:00\" \/>\n<meta property=\"og:image\" content=\"https:\/\/www.safmmarzo.com\/wp-content\/uploads\/2014\/03\/jose-not.png\" \/>\n\t<meta property=\"og:image:width\" content=\"500\" \/>\n\t<meta property=\"og:image:height\" content=\"500\" \/>\n\t<meta property=\"og:image:type\" content=\"image\/png\" \/>\n<meta name=\"author\" content=\"Jose Luis\" \/>\n<meta name=\"twitter:card\" content=\"summary_large_image\" \/>\n<meta name=\"twitter:label1\" content=\"Escrito por\" \/>\n\t<meta name=\"twitter:data1\" content=\"Jose Luis\" \/>\n<script type=\"application\/ld+json\" class=\"yoast-schema-graph\">{\"@context\":\"https:\/\/schema.org\",\"@graph\":[{\"@type\":\"Article\",\"@id\":\"https:\/\/www.safmmarzo.com\/es\/2014\/03\/26\/entrevista-a-jose-luis-valino-en-cope-lugo-tras-la-prueba-deportiva-solidaria\/#article\",\"isPartOf\":{\"@id\":\"https:\/\/www.safmmarzo.com\/es\/2014\/03\/26\/entrevista-a-jose-luis-valino-en-cope-lugo-tras-la-prueba-deportiva-solidaria\/\"},\"author\":{\"name\":\"Jose Luis\",\"@id\":\"https:\/\/www.safmmarzo.com\/#\/schema\/person\/20cf655e1f77c62cd425477bcfa7ef11\"},\"headline\":\"Entrevista a Jos\u00e9 Luis Vali\u00f1o en Cope Lugo tras la prueba deportiva solidaria\",\"datePublished\":\"2014-03-26T06:41:54+00:00\",\"dateModified\":\"2023-05-24T07:03:06+00:00\",\"mainEntityOfPage\":{\"@id\":\"https:\/\/www.safmmarzo.com\/es\/2014\/03\/26\/entrevista-a-jose-luis-valino-en-cope-lugo-tras-la-prueba-deportiva-solidaria\/\"},\"wordCount\":33,\"image\":{\"@id\":\"https:\/\/www.safmmarzo.com\/es\/2014\/03\/26\/entrevista-a-jose-luis-valino-en-cope-lugo-tras-la-prueba-deportiva-solidaria\/#primaryimage\"},\"thumbnailUrl\":\"https:\/\/www.safmmarzo.com\/wp-content\/uploads\/2014\/03\/jose-not.png\",\"inLanguage\":\"es\"},{\"@type\":\"WebPage\",\"@id\":\"https:\/\/www.safmmarzo.com\/es\/2014\/03\/26\/entrevista-a-jose-luis-valino-en-cope-lugo-tras-la-prueba-deportiva-solidaria\/\",\"url\":\"https:\/\/www.safmmarzo.com\/es\/2014\/03\/26\/entrevista-a-jose-luis-valino-en-cope-lugo-tras-la-prueba-deportiva-solidaria\/\",\"name\":\"Entrevista a Jos\u00e9 Luis Vali\u00f1o en Cope Lugo tras la prueba deportiva solidaria - Marzo Saude\",\"isPartOf\":{\"@id\":\"https:\/\/www.safmmarzo.com\/#website\"},\"primaryImageOfPage\":{\"@id\":\"https:\/\/www.safmmarzo.com\/es\/2014\/03\/26\/entrevista-a-jose-luis-valino-en-cope-lugo-tras-la-prueba-deportiva-solidaria\/#primaryimage\"},\"image\":{\"@id\":\"https:\/\/www.safmmarzo.com\/es\/2014\/03\/26\/entrevista-a-jose-luis-valino-en-cope-lugo-tras-la-prueba-deportiva-solidaria\/#primaryimage\"},\"thumbnailUrl\":\"https:\/\/www.safmmarzo.com\/wp-content\/uploads\/2014\/03\/jose-not.png\",\"datePublished\":\"2014-03-26T06:41:54+00:00\",\"dateModified\":\"2023-05-24T07:03:06+00:00\",\"author\":{\"@id\":\"https:\/\/www.safmmarzo.com\/#\/schema\/person\/20cf655e1f77c62cd425477bcfa7ef11\"},\"inLanguage\":\"es\",\"potentialAction\":[{\"@type\":\"ReadAction\",\"target\":[\"https:\/\/www.safmmarzo.com\/es\/2014\/03\/26\/entrevista-a-jose-luis-valino-en-cope-lugo-tras-la-prueba-deportiva-solidaria\/\"]}]},{\"@type\":\"ImageObject\",\"inLanguage\":\"es\",\"@id\":\"https:\/\/www.safmmarzo.com\/es\/2014\/03\/26\/entrevista-a-jose-luis-valino-en-cope-lugo-tras-la-prueba-deportiva-solidaria\/#primaryimage\",\"url\":\"https:\/\/www.safmmarzo.com\/wp-content\/uploads\/2014\/03\/jose-not.png\",\"contentUrl\":\"https:\/\/www.safmmarzo.com\/wp-content\/uploads\/2014\/03\/jose-not.png\",\"width\":500,\"height\":500},{\"@type\":\"WebSite\",\"@id\":\"https:\/\/www.safmmarzo.com\/#website\",\"url\":\"https:\/\/www.safmmarzo.com\/\",\"name\":\"Marzo Saude\",\"description\":\"\",\"potentialAction\":[{\"@type\":\"SearchAction\",\"target\":{\"@type\":\"EntryPoint\",\"urlTemplate\":\"https:\/\/www.safmmarzo.com\/?s={search_term_string}\"},\"query-input\":{\"@type\":\"PropertyValueSpecification\",\"valueRequired\":true,\"valueName\":\"search_term_string\"}}],\"inLanguage\":\"es\"},{\"@type\":\"Person\",\"@id\":\"https:\/\/www.safmmarzo.com\/#\/schema\/person\/20cf655e1f77c62cd425477bcfa7ef11\",\"name\":\"Jose Luis\",\"image\":{\"@type\":\"ImageObject\",\"inLanguage\":\"es\",\"@id\":\"https:\/\/www.safmmarzo.com\/#\/schema\/person\/image\/\",\"url\":\"https:\/\/secure.gravatar.com\/avatar\/bfb8ced0ec2cf4d353ad54b18004638bb6bf664deac930ee7fb3d6a922adfc5b?s=96&d=mm&r=g\",\"contentUrl\":\"https:\/\/secure.gravatar.com\/avatar\/bfb8ced0ec2cf4d353ad54b18004638bb6bf664deac930ee7fb3d6a922adfc5b?s=96&d=mm&r=g\",\"caption\":\"Jose Luis\"},\"url\":\"https:\/\/www.safmmarzo.com\/es\/author\/marzosaude\/\"}]}<\/script>\n<!-- \/ Yoast SEO plugin. -->","yoast_head_json":{"title":"Entrevista a Jos\u00e9 Luis Vali\u00f1o en Cope Lugo tras la prueba deportiva solidaria - Marzo Saude","robots":{"index":"index","follow":"follow","max-snippet":"max-snippet:-1","max-image-preview":"max-image-preview:large","max-video-preview":"max-video-preview:-1"},"canonical":"https:\/\/www.safmmarzo.com\/es\/2014\/03\/26\/entrevista-a-jose-luis-valino-en-cope-lugo-tras-la-prueba-deportiva-solidaria\/","og_locale":"es_ES","og_type":"article","og_title":"Entrevista a Jos\u00e9 Luis Vali\u00f1o en Cope Lugo tras la prueba deportiva solidaria - Marzo Saude","og_description":"M\u00e9rcores, 26 de marzo de 2014 Para escucharla:","og_url":"https:\/\/www.safmmarzo.com\/es\/2014\/03\/26\/entrevista-a-jose-luis-valino-en-cope-lugo-tras-la-prueba-deportiva-solidaria\/","og_site_name":"Marzo Saude","article_published_time":"2014-03-26T06:41:54+00:00","article_modified_time":"2023-05-24T07:03:06+00:00","og_image":[{"width":500,"height":500,"url":"https:\/\/www.safmmarzo.com\/wp-content\/uploads\/2014\/03\/jose-not.png","type":"image\/png"}],"author":"Jose Luis","twitter_card":"summary_large_image","twitter_misc":{"Escrito por":"Jose Luis"},"schema":{"@context":"https:\/\/schema.org","@graph":[{"@type":"Article","@id":"https:\/\/www.safmmarzo.com\/es\/2014\/03\/26\/entrevista-a-jose-luis-valino-en-cope-lugo-tras-la-prueba-deportiva-solidaria\/#article","isPartOf":{"@id":"https:\/\/www.safmmarzo.com\/es\/2014\/03\/26\/entrevista-a-jose-luis-valino-en-cope-lugo-tras-la-prueba-deportiva-solidaria\/"},"author":{"name":"Jose Luis","@id":"https:\/\/www.safmmarzo.com\/#\/schema\/person\/20cf655e1f77c62cd425477bcfa7ef11"},"headline":"Entrevista a Jos\u00e9 Luis Vali\u00f1o en Cope Lugo tras la prueba deportiva solidaria","datePublished":"2014-03-26T06:41:54+00:00","dateModified":"2023-05-24T07:03:06+00:00","mainEntityOfPage":{"@id":"https:\/\/www.safmmarzo.com\/es\/2014\/03\/26\/entrevista-a-jose-luis-valino-en-cope-lugo-tras-la-prueba-deportiva-solidaria\/"},"wordCount":33,"image":{"@id":"https:\/\/www.safmmarzo.com\/es\/2014\/03\/26\/entrevista-a-jose-luis-valino-en-cope-lugo-tras-la-prueba-deportiva-solidaria\/#primaryimage"},"thumbnailUrl":"https:\/\/www.safmmarzo.com\/wp-content\/uploads\/2014\/03\/jose-not.png","inLanguage":"es"},{"@type":"WebPage","@id":"https:\/\/www.safmmarzo.com\/es\/2014\/03\/26\/entrevista-a-jose-luis-valino-en-cope-lugo-tras-la-prueba-deportiva-solidaria\/","url":"https:\/\/www.safmmarzo.com\/es\/2014\/03\/26\/entrevista-a-jose-luis-valino-en-cope-lugo-tras-la-prueba-deportiva-solidaria\/","name":"Entrevista a Jos\u00e9 Luis Vali\u00f1o en Cope Lugo tras la prueba deportiva solidaria - Marzo Saude","isPartOf":{"@id":"https:\/\/www.safmmarzo.com\/#website"},"primaryImageOfPage":{"@id":"https:\/\/www.safmmarzo.com\/es\/2014\/03\/26\/entrevista-a-jose-luis-valino-en-cope-lugo-tras-la-prueba-deportiva-solidaria\/#primaryimage"},"image":{"@id":"https:\/\/www.safmmarzo.com\/es\/2014\/03\/26\/entrevista-a-jose-luis-valino-en-cope-lugo-tras-la-prueba-deportiva-solidaria\/#primaryimage"},"thumbnailUrl":"https:\/\/www.safmmarzo.com\/wp-content\/uploads\/2014\/03\/jose-not.png","datePublished":"2014-03-26T06:41:54+00:00","dateModified":"2023-05-24T07:03:06+00:00","author":{"@id":"https:\/\/www.safmmarzo.com\/#\/schema\/person\/20cf655e1f77c62cd425477bcfa7ef11"},"inLanguage":"es","potentialAction":[{"@type":"ReadAction","target":["https:\/\/www.safmmarzo.com\/es\/2014\/03\/26\/entrevista-a-jose-luis-valino-en-cope-lugo-tras-la-prueba-deportiva-solidaria\/"]}]},{"@type":"ImageObject","inLanguage":"es","@id":"https:\/\/www.safmmarzo.com\/es\/2014\/03\/26\/entrevista-a-jose-luis-valino-en-cope-lugo-tras-la-prueba-deportiva-solidaria\/#primaryimage","url":"https:\/\/www.safmmarzo.com\/wp-content\/uploads\/2014\/03\/jose-not.png","contentUrl":"https:\/\/www.safmmarzo.com\/wp-content\/uploads\/2014\/03\/jose-not.png","width":500,"height":500},{"@type":"WebSite","@id":"https:\/\/www.safmmarzo.com\/#website","url":"https:\/\/www.safmmarzo.com\/","name":"Marzo Saude","description":"","potentialAction":[{"@type":"SearchAction","target":{"@type":"EntryPoint","urlTemplate":"https:\/\/www.safmmarzo.com\/?s={search_term_string}"},"query-input":{"@type":"PropertyValueSpecification","valueRequired":true,"valueName":"search_term_string"}}],"inLanguage":"es"},{"@type":"Person","@id":"https:\/\/www.safmmarzo.com\/#\/schema\/person\/20cf655e1f77c62cd425477bcfa7ef11","name":"Jose Luis","image":{"@type":"ImageObject","inLanguage":"es","@id":"https:\/\/www.safmmarzo.com\/#\/schema\/person\/image\/","url":"https:\/\/secure.gravatar.com\/avatar\/bfb8ced0ec2cf4d353ad54b18004638bb6bf664deac930ee7fb3d6a922adfc5b?s=96&d=mm&r=g","contentUrl":"https:\/\/secure.gravatar.com\/avatar\/bfb8ced0ec2cf4d353ad54b18004638bb6bf664deac930ee7fb3d6a922adfc5b?s=96&d=mm&r=g","caption":"Jose Luis"},"url":"https:\/\/www.safmmarzo.com\/es\/author\/marzosaude\/"}]}},"_links":{"self":[{"href":"https:\/\/www.safmmarzo.com\/es\/wp-json\/wp\/v2\/posts\/16511","targetHints":{"allow":["GET"]}}],"collection":[{"href":"https:\/\/www.safmmarzo.com\/es\/wp-json\/wp\/v2\/posts"}],"about":[{"href":"https:\/\/www.safmmarzo.com\/es\/wp-json\/wp\/v2\/types\/post"}],"author":[{"embeddable":true,"href":"https:\/\/www.safmmarzo.com\/es\/wp-json\/wp\/v2\/users\/602"}],"replies":[{"embeddable":true,"href":"https:\/\/www.safmmarzo.com\/es\/wp-json\/wp\/v2\/comments?post=16511"}],"version-history":[{"count":3,"href":"https:\/\/www.safmmarzo.com\/es\/wp-json\/wp\/v2\/posts\/16511\/revisions"}],"predecessor-version":[{"id":16514,"href":"https:\/\/www.safmmarzo.com\/es\/wp-json\/wp\/v2\/posts\/16511\/revisions\/16514"}],"wp:featuredmedia":[{"embeddable":true,"href":"https:\/\/www.safmmarzo.com\/es\/wp-json\/wp\/v2\/media\/16505"}],"wp:attachment":[{"href":"https:\/\/www.safmmarzo.com\/es\/wp-json\/wp\/v2\/media?parent=16511"}],"wp:term":[{"taxonomy":"category","embeddable":true,"href":"https:\/\/www.safmmarzo.com\/es\/wp-json\/wp\/v2\/categories?post=16511"},{"taxonomy":"post_tag","embeddable":true,"href":"https:\/\/www.safmmarzo.com\/es\/wp-json\/wp\/v2\/tags?post=16511"}],"curies":[{"name":"wp","href":"https:\/\/api.w.org\/{rel}","templated":true}]}}