{"id":17423,"date":"2018-07-17T08:00:19","date_gmt":"2018-07-17T06:00:19","guid":{"rendered":"https:\/\/www.safmmarzo.com\/?p=17423"},"modified":"2023-05-24T09:00:25","modified_gmt":"2023-05-24T07:00:25","slug":"especializados-en-extremidad-superior","status":"publish","type":"post","link":"https:\/\/www.safmmarzo.com\/es\/2018\/07\/17\/especializados-en-extremidad-superior\/","title":{"rendered":"{~ Especializados en Extremidad Superior ~}"},"content":{"rendered":"<p>Nuestros fisioterapeutas creen en la especializaci\u00f3n y por eso durante estos dos a\u00f1os han reforzado su formaci\u00f3n en miembro superior, siempre con docentes internacionales y nacionales referentes en su campo de actuaci\u00f3n.<\/p>\n<p>Cabe destacar los curso realizados en <strong>Marzo Saude Formaci\u00f3n<\/strong>, todos ellos dotados de un m\u00e1ximo rigor cient\u00edfico y cl\u00ednico. En ellos, <strong>Rub\u00e9n Tovar<\/strong> nos hace una exposici\u00f3n\u00a0 actualizada de la evidencia y de los m\u00e9todos m\u00e1s punteros de tratamiento en su curso <strong>Binomio Hombro Cervical<\/strong>. En el curso de <strong>Neuropat\u00edas en Miembro Superior <\/strong>de <strong>Arturo Such<\/strong> el docente se sumergi\u00f3 en el abordaje de las patolog\u00edas profundizando m\u00e1s en el componente nervioso y por \u00faltimo, un curso que despunta por sus caracter\u00edsticas eminentemente pr\u00e1cticas es el de <strong>Elena Ozares<\/strong> de <strong>Terapia de la Mano. <\/strong>En \u00e9l, se han manejado dos conceptos novedosos: las f\u00e9rulas, tanto su aplicaci\u00f3n como su elaboraci\u00f3n; y la tabla canadiense o MAPS. Toda esta formaci\u00f3n est\u00e1 dotada de un componente altamente cl\u00ednico.<\/p>\n<p>Quedan pendientes para finales del 2018 y principios del 2019 los cursos <a href=\"https:\/\/www.safmmarzo.com\/cursos\/ethombro\/\"><strong>Abordaje del hombro<\/strong> <strong>a trav\u00e9s de ejercicio terap\u00e9utico<\/strong><\/a> de <strong>David Barcelo<\/strong>, \u00a0<strong>Ferulaje<\/strong> \u00a0de <strong>Raquel Cantero<\/strong> y\u00a0 <strong>Ecograf\u00eda Avanzada en Lesiones de Miembro Superior<\/strong>\u00a0 de <strong>Jordi Reig<\/strong>. Y puede que tengamos alguna sorpresa m\u00e1s en la parte de mano.<\/p>\n<p>La formaci\u00f3n realizada fuera comenz\u00f3 con Jeremy Lewis, Jo Gibson, Quique Lluch y Rosana Baroni, cuatro muy buenos cursos que han reforzado nuestros conocimientos, con los que hemos adquirido otras perspectivas de afrontamiento de las patolog\u00edas. Cursos con un contenido te\u00f3rico muy importante por supuesto basado en la evidencia y justificando en todo momento el ejercicio terap\u00e9utico como un arma a utilizar para la recuperaci\u00f3n.<\/p>\n<p>Tambi\u00e9n hemos refrescado y actualizado nuestra formaci\u00f3n en conceptos ya conocidos como puede ser Control Motor y Sahrmann.<\/p>\n<p>Todo esto unido a la formaci\u00f3n que tenemos de Maitland, OMT, Mulligan, Mckenzie, Sohier, Kaltenborn, Evjenth , Mulligan, McConnell,, ecograf\u00eda etc. Nos hace un <em>posible centro de referencia para todo tipo de problemas en miembro superior.<\/em> De este modo adem\u00e1s afianzamos nuestra pol\u00edtica de trabajo, la cual nos llev\u00f3 a trabajar desde el primer d\u00eda con ejercicio terap\u00e9utico pautado por un profesional sanitario.<\/p>\n","protected":false},"excerpt":{"rendered":"<p>Nuestros fisioterapeutas creen en la especializaci\u00f3n y por eso durante estos dos a\u00f1os han reforzado su formaci\u00f3n en miembro superior, siempre con docentes internacionales y nacionales referentes en su campo de actuaci\u00f3n. Cabe destacar los curso realizados en Marzo Saude Formaci\u00f3n, todos ellos dotados de un m\u00e1ximo rigor cient\u00edfico y cl\u00ednico. En ellos, Rub\u00e9n Tovar &#8230;<\/p>\n","protected":false},"author":602,"featured_media":17420,"comment_status":"closed","ping_status":"closed","sticky":false,"template":"","format":"standard","meta":{"footnotes":""},"categories":[147,148,149,150],"tags":[],"class_list":["post-17423","post","type-post","status-publish","format-standard","has-post-thumbnail","hentry","category-eventos-es","category-marzo-saude-es","category-medios-es","category-noticias-es"],"yoast_head":"<!-- This site is optimized with the Yoast SEO plugin v27.1.1 - https:\/\/yoast.com\/product\/yoast-seo-wordpress\/ -->\n<title>{~ Especializados en Extremidad Superior ~} - Marzo Saude<\/title>\n<meta name=\"robots\" content=\"index, follow, max-snippet:-1, max-image-preview:large, max-video-preview:-1\" \/>\n<link rel=\"canonical\" href=\"https:\/\/www.safmmarzo.com\/es\/2018\/07\/17\/especializados-en-extremidad-superior\/\" \/>\n<meta property=\"og:locale\" content=\"es_ES\" \/>\n<meta property=\"og:type\" content=\"article\" \/>\n<meta property=\"og:title\" content=\"{~ Especializados en Extremidad Superior ~} - Marzo Saude\" \/>\n<meta property=\"og:description\" content=\"Nuestros fisioterapeutas creen en la especializaci\u00f3n y por eso durante estos dos a\u00f1os han reforzado su formaci\u00f3n en miembro superior, siempre con docentes internacionales y nacionales referentes en su campo de actuaci\u00f3n. Cabe destacar los curso realizados en Marzo Saude Formaci\u00f3n, todos ellos dotados de un m\u00e1ximo rigor cient\u00edfico y cl\u00ednico. En ellos, Rub\u00e9n Tovar ...\" \/>\n<meta property=\"og:url\" content=\"https:\/\/www.safmmarzo.com\/es\/2018\/07\/17\/especializados-en-extremidad-superior\/\" \/>\n<meta property=\"og:site_name\" content=\"Marzo Saude\" \/>\n<meta property=\"article:published_time\" content=\"2018-07-17T06:00:19+00:00\" \/>\n<meta property=\"article:modified_time\" content=\"2023-05-24T07:00:25+00:00\" \/>\n<meta property=\"og:image\" content=\"https:\/\/www.safmmarzo.com\/wp-content\/uploads\/2018\/07\/Hillary-and-Chris-Johnsonare-expecting-their-third-child.jpg\" \/>\n\t<meta property=\"og:image:width\" content=\"940\" \/>\n\t<meta property=\"og:image:height\" content=\"788\" \/>\n\t<meta property=\"og:image:type\" content=\"image\/jpeg\" \/>\n<meta name=\"author\" content=\"Jose Luis\" \/>\n<meta name=\"twitter:card\" content=\"summary_large_image\" \/>\n<meta name=\"twitter:label1\" content=\"Escrito por\" \/>\n\t<meta name=\"twitter:data1\" content=\"Jose Luis\" \/>\n\t<meta name=\"twitter:label2\" content=\"Tiempo de lectura\" \/>\n\t<meta name=\"twitter:data2\" content=\"2 minutos\" \/>\n<script type=\"application\/ld+json\" class=\"yoast-schema-graph\">{\"@context\":\"https:\/\/schema.org\",\"@graph\":[{\"@type\":\"Article\",\"@id\":\"https:\/\/www.safmmarzo.com\/es\/2018\/07\/17\/especializados-en-extremidad-superior\/#article\",\"isPartOf\":{\"@id\":\"https:\/\/www.safmmarzo.com\/es\/2018\/07\/17\/especializados-en-extremidad-superior\/\"},\"author\":{\"name\":\"Jose Luis\",\"@id\":\"https:\/\/www.safmmarzo.com\/#\/schema\/person\/20cf655e1f77c62cd425477bcfa7ef11\"},\"headline\":\"{~ Especializados en Extremidad Superior ~}\",\"datePublished\":\"2018-07-17T06:00:19+00:00\",\"dateModified\":\"2023-05-24T07:00:25+00:00\",\"mainEntityOfPage\":{\"@id\":\"https:\/\/www.safmmarzo.com\/es\/2018\/07\/17\/especializados-en-extremidad-superior\/\"},\"wordCount\":394,\"image\":{\"@id\":\"https:\/\/www.safmmarzo.com\/es\/2018\/07\/17\/especializados-en-extremidad-superior\/#primaryimage\"},\"thumbnailUrl\":\"https:\/\/www.safmmarzo.com\/wp-content\/uploads\/2018\/07\/Hillary-and-Chris-Johnsonare-expecting-their-third-child.jpg\",\"articleSection\":[\"Eventos\",\"Marzo Sa\u00fade\",\"Medios\",\"Noticias\"],\"inLanguage\":\"es\"},{\"@type\":\"WebPage\",\"@id\":\"https:\/\/www.safmmarzo.com\/es\/2018\/07\/17\/especializados-en-extremidad-superior\/\",\"url\":\"https:\/\/www.safmmarzo.com\/es\/2018\/07\/17\/especializados-en-extremidad-superior\/\",\"name\":\"{~ Especializados en Extremidad Superior ~} - Marzo Saude\",\"isPartOf\":{\"@id\":\"https:\/\/www.safmmarzo.com\/#website\"},\"primaryImageOfPage\":{\"@id\":\"https:\/\/www.safmmarzo.com\/es\/2018\/07\/17\/especializados-en-extremidad-superior\/#primaryimage\"},\"image\":{\"@id\":\"https:\/\/www.safmmarzo.com\/es\/2018\/07\/17\/especializados-en-extremidad-superior\/#primaryimage\"},\"thumbnailUrl\":\"https:\/\/www.safmmarzo.com\/wp-content\/uploads\/2018\/07\/Hillary-and-Chris-Johnsonare-expecting-their-third-child.jpg\",\"datePublished\":\"2018-07-17T06:00:19+00:00\",\"dateModified\":\"2023-05-24T07:00:25+00:00\",\"author\":{\"@id\":\"https:\/\/www.safmmarzo.com\/#\/schema\/person\/20cf655e1f77c62cd425477bcfa7ef11\"},\"inLanguage\":\"es\",\"potentialAction\":[{\"@type\":\"ReadAction\",\"target\":[\"https:\/\/www.safmmarzo.com\/es\/2018\/07\/17\/especializados-en-extremidad-superior\/\"]}]},{\"@type\":\"ImageObject\",\"inLanguage\":\"es\",\"@id\":\"https:\/\/www.safmmarzo.com\/es\/2018\/07\/17\/especializados-en-extremidad-superior\/#primaryimage\",\"url\":\"https:\/\/www.safmmarzo.com\/wp-content\/uploads\/2018\/07\/Hillary-and-Chris-Johnsonare-expecting-their-third-child.jpg\",\"contentUrl\":\"https:\/\/www.safmmarzo.com\/wp-content\/uploads\/2018\/07\/Hillary-and-Chris-Johnsonare-expecting-their-third-child.jpg\",\"width\":940,\"height\":788},{\"@type\":\"WebSite\",\"@id\":\"https:\/\/www.safmmarzo.com\/#website\",\"url\":\"https:\/\/www.safmmarzo.com\/\",\"name\":\"Marzo Saude\",\"description\":\"\",\"potentialAction\":[{\"@type\":\"SearchAction\",\"target\":{\"@type\":\"EntryPoint\",\"urlTemplate\":\"https:\/\/www.safmmarzo.com\/?s={search_term_string}\"},\"query-input\":{\"@type\":\"PropertyValueSpecification\",\"valueRequired\":true,\"valueName\":\"search_term_string\"}}],\"inLanguage\":\"es\"},{\"@type\":\"Person\",\"@id\":\"https:\/\/www.safmmarzo.com\/#\/schema\/person\/20cf655e1f77c62cd425477bcfa7ef11\",\"name\":\"Jose Luis\",\"image\":{\"@type\":\"ImageObject\",\"inLanguage\":\"es\",\"@id\":\"https:\/\/www.safmmarzo.com\/#\/schema\/person\/image\/\",\"url\":\"https:\/\/secure.gravatar.com\/avatar\/bfb8ced0ec2cf4d353ad54b18004638bb6bf664deac930ee7fb3d6a922adfc5b?s=96&d=mm&r=g\",\"contentUrl\":\"https:\/\/secure.gravatar.com\/avatar\/bfb8ced0ec2cf4d353ad54b18004638bb6bf664deac930ee7fb3d6a922adfc5b?s=96&d=mm&r=g\",\"caption\":\"Jose Luis\"},\"url\":\"https:\/\/www.safmmarzo.com\/es\/author\/marzosaude\/\"}]}<\/script>\n<!-- \/ Yoast SEO plugin. -->","yoast_head_json":{"title":"{~ Especializados en Extremidad Superior ~} - Marzo Saude","robots":{"index":"index","follow":"follow","max-snippet":"max-snippet:-1","max-image-preview":"max-image-preview:large","max-video-preview":"max-video-preview:-1"},"canonical":"https:\/\/www.safmmarzo.com\/es\/2018\/07\/17\/especializados-en-extremidad-superior\/","og_locale":"es_ES","og_type":"article","og_title":"{~ Especializados en Extremidad Superior ~} - Marzo Saude","og_description":"Nuestros fisioterapeutas creen en la especializaci\u00f3n y por eso durante estos dos a\u00f1os han reforzado su formaci\u00f3n en miembro superior, siempre con docentes internacionales y nacionales referentes en su campo de actuaci\u00f3n. Cabe destacar los curso realizados en Marzo Saude Formaci\u00f3n, todos ellos dotados de un m\u00e1ximo rigor cient\u00edfico y cl\u00ednico. En ellos, Rub\u00e9n Tovar ...","og_url":"https:\/\/www.safmmarzo.com\/es\/2018\/07\/17\/especializados-en-extremidad-superior\/","og_site_name":"Marzo Saude","article_published_time":"2018-07-17T06:00:19+00:00","article_modified_time":"2023-05-24T07:00:25+00:00","og_image":[{"width":940,"height":788,"url":"https:\/\/www.safmmarzo.com\/wp-content\/uploads\/2018\/07\/Hillary-and-Chris-Johnsonare-expecting-their-third-child.jpg","type":"image\/jpeg"}],"author":"Jose Luis","twitter_card":"summary_large_image","twitter_misc":{"Escrito por":"Jose Luis","Tiempo de lectura":"2 minutos"},"schema":{"@context":"https:\/\/schema.org","@graph":[{"@type":"Article","@id":"https:\/\/www.safmmarzo.com\/es\/2018\/07\/17\/especializados-en-extremidad-superior\/#article","isPartOf":{"@id":"https:\/\/www.safmmarzo.com\/es\/2018\/07\/17\/especializados-en-extremidad-superior\/"},"author":{"name":"Jose Luis","@id":"https:\/\/www.safmmarzo.com\/#\/schema\/person\/20cf655e1f77c62cd425477bcfa7ef11"},"headline":"{~ Especializados en Extremidad Superior ~}","datePublished":"2018-07-17T06:00:19+00:00","dateModified":"2023-05-24T07:00:25+00:00","mainEntityOfPage":{"@id":"https:\/\/www.safmmarzo.com\/es\/2018\/07\/17\/especializados-en-extremidad-superior\/"},"wordCount":394,"image":{"@id":"https:\/\/www.safmmarzo.com\/es\/2018\/07\/17\/especializados-en-extremidad-superior\/#primaryimage"},"thumbnailUrl":"https:\/\/www.safmmarzo.com\/wp-content\/uploads\/2018\/07\/Hillary-and-Chris-Johnsonare-expecting-their-third-child.jpg","articleSection":["Eventos","Marzo Sa\u00fade","Medios","Noticias"],"inLanguage":"es"},{"@type":"WebPage","@id":"https:\/\/www.safmmarzo.com\/es\/2018\/07\/17\/especializados-en-extremidad-superior\/","url":"https:\/\/www.safmmarzo.com\/es\/2018\/07\/17\/especializados-en-extremidad-superior\/","name":"{~ Especializados en Extremidad Superior ~} - Marzo Saude","isPartOf":{"@id":"https:\/\/www.safmmarzo.com\/#website"},"primaryImageOfPage":{"@id":"https:\/\/www.safmmarzo.com\/es\/2018\/07\/17\/especializados-en-extremidad-superior\/#primaryimage"},"image":{"@id":"https:\/\/www.safmmarzo.com\/es\/2018\/07\/17\/especializados-en-extremidad-superior\/#primaryimage"},"thumbnailUrl":"https:\/\/www.safmmarzo.com\/wp-content\/uploads\/2018\/07\/Hillary-and-Chris-Johnsonare-expecting-their-third-child.jpg","datePublished":"2018-07-17T06:00:19+00:00","dateModified":"2023-05-24T07:00:25+00:00","author":{"@id":"https:\/\/www.safmmarzo.com\/#\/schema\/person\/20cf655e1f77c62cd425477bcfa7ef11"},"inLanguage":"es","potentialAction":[{"@type":"ReadAction","target":["https:\/\/www.safmmarzo.com\/es\/2018\/07\/17\/especializados-en-extremidad-superior\/"]}]},{"@type":"ImageObject","inLanguage":"es","@id":"https:\/\/www.safmmarzo.com\/es\/2018\/07\/17\/especializados-en-extremidad-superior\/#primaryimage","url":"https:\/\/www.safmmarzo.com\/wp-content\/uploads\/2018\/07\/Hillary-and-Chris-Johnsonare-expecting-their-third-child.jpg","contentUrl":"https:\/\/www.safmmarzo.com\/wp-content\/uploads\/2018\/07\/Hillary-and-Chris-Johnsonare-expecting-their-third-child.jpg","width":940,"height":788},{"@type":"WebSite","@id":"https:\/\/www.safmmarzo.com\/#website","url":"https:\/\/www.safmmarzo.com\/","name":"Marzo Saude","description":"","potentialAction":[{"@type":"SearchAction","target":{"@type":"EntryPoint","urlTemplate":"https:\/\/www.safmmarzo.com\/?s={search_term_string}"},"query-input":{"@type":"PropertyValueSpecification","valueRequired":true,"valueName":"search_term_string"}}],"inLanguage":"es"},{"@type":"Person","@id":"https:\/\/www.safmmarzo.com\/#\/schema\/person\/20cf655e1f77c62cd425477bcfa7ef11","name":"Jose Luis","image":{"@type":"ImageObject","inLanguage":"es","@id":"https:\/\/www.safmmarzo.com\/#\/schema\/person\/image\/","url":"https:\/\/secure.gravatar.com\/avatar\/bfb8ced0ec2cf4d353ad54b18004638bb6bf664deac930ee7fb3d6a922adfc5b?s=96&d=mm&r=g","contentUrl":"https:\/\/secure.gravatar.com\/avatar\/bfb8ced0ec2cf4d353ad54b18004638bb6bf664deac930ee7fb3d6a922adfc5b?s=96&d=mm&r=g","caption":"Jose Luis"},"url":"https:\/\/www.safmmarzo.com\/es\/author\/marzosaude\/"}]}},"_links":{"self":[{"href":"https:\/\/www.safmmarzo.com\/es\/wp-json\/wp\/v2\/posts\/17423","targetHints":{"allow":["GET"]}}],"collection":[{"href":"https:\/\/www.safmmarzo.com\/es\/wp-json\/wp\/v2\/posts"}],"about":[{"href":"https:\/\/www.safmmarzo.com\/es\/wp-json\/wp\/v2\/types\/post"}],"author":[{"embeddable":true,"href":"https:\/\/www.safmmarzo.com\/es\/wp-json\/wp\/v2\/users\/602"}],"replies":[{"embeddable":true,"href":"https:\/\/www.safmmarzo.com\/es\/wp-json\/wp\/v2\/comments?post=17423"}],"version-history":[{"count":3,"href":"https:\/\/www.safmmarzo.com\/es\/wp-json\/wp\/v2\/posts\/17423\/revisions"}],"predecessor-version":[{"id":18818,"href":"https:\/\/www.safmmarzo.com\/es\/wp-json\/wp\/v2\/posts\/17423\/revisions\/18818"}],"wp:featuredmedia":[{"embeddable":true,"href":"https:\/\/www.safmmarzo.com\/es\/wp-json\/wp\/v2\/media\/17420"}],"wp:attachment":[{"href":"https:\/\/www.safmmarzo.com\/es\/wp-json\/wp\/v2\/media?parent=17423"}],"wp:term":[{"taxonomy":"category","embeddable":true,"href":"https:\/\/www.safmmarzo.com\/es\/wp-json\/wp\/v2\/categories?post=17423"},{"taxonomy":"post_tag","embeddable":true,"href":"https:\/\/www.safmmarzo.com\/es\/wp-json\/wp\/v2\/tags?post=17423"}],"curies":[{"name":"wp","href":"https:\/\/api.w.org\/{rel}","templated":true}]}}