{"id":18703,"date":"2020-04-01T09:22:53","date_gmt":"2020-04-01T07:22:53","guid":{"rendered":"https:\/\/www.safmmarzo.com\/?p=18703"},"modified":"2023-05-24T09:00:19","modified_gmt":"2023-05-24T07:00:19","slug":"entrevista-a-nuestro-compi-jose","status":"publish","type":"post","link":"https:\/\/www.safmmarzo.com\/es\/2020\/04\/01\/entrevista-a-nuestro-compi-jose\/","title":{"rendered":"{~Entrevista a nuestro compi #Jose~}"},"content":{"rendered":"<p>Queremos agradecer a @elprogreso_Lugo por visibilizar la lucha que estamos llevando a cabo todos los fisioterapeutas de Espa\u00f1a.<br \/>\nS\u00f3lo pedimos respeto por los pacientes y empat\u00eda por la profesi\u00f3n.<br \/>\n#tufisiosequedaencasa #tupodologosequedaencasa<\/p>\n","protected":false},"excerpt":{"rendered":"<p>Queremos agradecer a @elprogreso_Lugo por visibilizar la lucha que estamos llevando a cabo todos los fisioterapeutas de Espa\u00f1a. S\u00f3lo pedimos respeto por los pacientes y empat\u00eda por la profesi\u00f3n. #tufisiosequedaencasa #tupodologosequedaencasa<\/p>\n","protected":false},"author":602,"featured_media":18702,"comment_status":"closed","ping_status":"closed","sticky":false,"template":"","format":"standard","meta":{"footnotes":""},"categories":[148,149,150,151],"tags":[],"class_list":["post-18703","post","type-post","status-publish","format-standard","has-post-thumbnail","hentry","category-marzo-saude-es","category-medios-es","category-noticias-es","category-sin-categoria-es"],"yoast_head":"<!-- This site is optimized with the Yoast SEO plugin v27.1.1 - https:\/\/yoast.com\/product\/yoast-seo-wordpress\/ -->\n<title>{~Entrevista a nuestro compi #Jose~} - Marzo Saude<\/title>\n<meta name=\"robots\" content=\"index, follow, max-snippet:-1, max-image-preview:large, max-video-preview:-1\" \/>\n<link rel=\"canonical\" href=\"https:\/\/www.safmmarzo.com\/es\/2020\/04\/01\/entrevista-a-nuestro-compi-jose\/\" \/>\n<meta property=\"og:locale\" content=\"es_ES\" \/>\n<meta property=\"og:type\" content=\"article\" \/>\n<meta property=\"og:title\" content=\"{~Entrevista a nuestro compi #Jose~} - Marzo Saude\" \/>\n<meta property=\"og:description\" content=\"Queremos agradecer a @elprogreso_Lugo por visibilizar la lucha que estamos llevando a cabo todos los fisioterapeutas de Espa\u00f1a. S\u00f3lo pedimos respeto por los pacientes y empat\u00eda por la profesi\u00f3n. #tufisiosequedaencasa #tupodologosequedaencasa\" \/>\n<meta property=\"og:url\" content=\"https:\/\/www.safmmarzo.com\/es\/2020\/04\/01\/entrevista-a-nuestro-compi-jose\/\" \/>\n<meta property=\"og:site_name\" content=\"Marzo Saude\" \/>\n<meta property=\"article:published_time\" content=\"2020-04-01T07:22:53+00:00\" \/>\n<meta property=\"article:modified_time\" content=\"2023-05-24T07:00:19+00:00\" \/>\n<meta property=\"og:image\" content=\"https:\/\/www.safmmarzo.com\/wp-content\/uploads\/2020\/04\/los-fisios-1.jpg\" \/>\n\t<meta property=\"og:image:width\" content=\"775\" \/>\n\t<meta property=\"og:image:height\" content=\"581\" \/>\n\t<meta property=\"og:image:type\" content=\"image\/jpeg\" \/>\n<meta name=\"author\" content=\"Jose Luis\" \/>\n<meta name=\"twitter:card\" content=\"summary_large_image\" \/>\n<meta name=\"twitter:label1\" content=\"Escrito por\" \/>\n\t<meta name=\"twitter:data1\" content=\"Jose Luis\" \/>\n\t<meta name=\"twitter:label2\" content=\"Tiempo de lectura\" \/>\n\t<meta name=\"twitter:data2\" content=\"1 minuto\" \/>\n<script type=\"application\/ld+json\" class=\"yoast-schema-graph\">{\"@context\":\"https:\/\/schema.org\",\"@graph\":[{\"@type\":\"Article\",\"@id\":\"https:\/\/www.safmmarzo.com\/es\/2020\/04\/01\/entrevista-a-nuestro-compi-jose\/#article\",\"isPartOf\":{\"@id\":\"https:\/\/www.safmmarzo.com\/es\/2020\/04\/01\/entrevista-a-nuestro-compi-jose\/\"},\"author\":{\"name\":\"Jose Luis\",\"@id\":\"https:\/\/www.safmmarzo.com\/#\/schema\/person\/20cf655e1f77c62cd425477bcfa7ef11\"},\"headline\":\"{~Entrevista a nuestro compi #Jose~}\",\"datePublished\":\"2020-04-01T07:22:53+00:00\",\"dateModified\":\"2023-05-24T07:00:19+00:00\",\"mainEntityOfPage\":{\"@id\":\"https:\/\/www.safmmarzo.com\/es\/2020\/04\/01\/entrevista-a-nuestro-compi-jose\/\"},\"wordCount\":41,\"image\":{\"@id\":\"https:\/\/www.safmmarzo.com\/es\/2020\/04\/01\/entrevista-a-nuestro-compi-jose\/#primaryimage\"},\"thumbnailUrl\":\"https:\/\/www.safmmarzo.com\/wp-content\/uploads\/2020\/04\/los-fisios-1.jpg\",\"articleSection\":[\"Marzo Sa\u00fade\",\"Medios\",\"Noticias\"],\"inLanguage\":\"es\"},{\"@type\":\"WebPage\",\"@id\":\"https:\/\/www.safmmarzo.com\/es\/2020\/04\/01\/entrevista-a-nuestro-compi-jose\/\",\"url\":\"https:\/\/www.safmmarzo.com\/es\/2020\/04\/01\/entrevista-a-nuestro-compi-jose\/\",\"name\":\"{~Entrevista a nuestro compi #Jose~} - Marzo Saude\",\"isPartOf\":{\"@id\":\"https:\/\/www.safmmarzo.com\/#website\"},\"primaryImageOfPage\":{\"@id\":\"https:\/\/www.safmmarzo.com\/es\/2020\/04\/01\/entrevista-a-nuestro-compi-jose\/#primaryimage\"},\"image\":{\"@id\":\"https:\/\/www.safmmarzo.com\/es\/2020\/04\/01\/entrevista-a-nuestro-compi-jose\/#primaryimage\"},\"thumbnailUrl\":\"https:\/\/www.safmmarzo.com\/wp-content\/uploads\/2020\/04\/los-fisios-1.jpg\",\"datePublished\":\"2020-04-01T07:22:53+00:00\",\"dateModified\":\"2023-05-24T07:00:19+00:00\",\"author\":{\"@id\":\"https:\/\/www.safmmarzo.com\/#\/schema\/person\/20cf655e1f77c62cd425477bcfa7ef11\"},\"inLanguage\":\"es\",\"potentialAction\":[{\"@type\":\"ReadAction\",\"target\":[\"https:\/\/www.safmmarzo.com\/es\/2020\/04\/01\/entrevista-a-nuestro-compi-jose\/\"]}]},{\"@type\":\"ImageObject\",\"inLanguage\":\"es\",\"@id\":\"https:\/\/www.safmmarzo.com\/es\/2020\/04\/01\/entrevista-a-nuestro-compi-jose\/#primaryimage\",\"url\":\"https:\/\/www.safmmarzo.com\/wp-content\/uploads\/2020\/04\/los-fisios-1.jpg\",\"contentUrl\":\"https:\/\/www.safmmarzo.com\/wp-content\/uploads\/2020\/04\/los-fisios-1.jpg\",\"width\":775,\"height\":581},{\"@type\":\"WebSite\",\"@id\":\"https:\/\/www.safmmarzo.com\/#website\",\"url\":\"https:\/\/www.safmmarzo.com\/\",\"name\":\"Marzo Saude\",\"description\":\"\",\"potentialAction\":[{\"@type\":\"SearchAction\",\"target\":{\"@type\":\"EntryPoint\",\"urlTemplate\":\"https:\/\/www.safmmarzo.com\/?s={search_term_string}\"},\"query-input\":{\"@type\":\"PropertyValueSpecification\",\"valueRequired\":true,\"valueName\":\"search_term_string\"}}],\"inLanguage\":\"es\"},{\"@type\":\"Person\",\"@id\":\"https:\/\/www.safmmarzo.com\/#\/schema\/person\/20cf655e1f77c62cd425477bcfa7ef11\",\"name\":\"Jose Luis\",\"image\":{\"@type\":\"ImageObject\",\"inLanguage\":\"es\",\"@id\":\"https:\/\/www.safmmarzo.com\/#\/schema\/person\/image\/\",\"url\":\"https:\/\/secure.gravatar.com\/avatar\/bfb8ced0ec2cf4d353ad54b18004638bb6bf664deac930ee7fb3d6a922adfc5b?s=96&d=mm&r=g\",\"contentUrl\":\"https:\/\/secure.gravatar.com\/avatar\/bfb8ced0ec2cf4d353ad54b18004638bb6bf664deac930ee7fb3d6a922adfc5b?s=96&d=mm&r=g\",\"caption\":\"Jose Luis\"},\"url\":\"https:\/\/www.safmmarzo.com\/es\/author\/marzosaude\/\"}]}<\/script>\n<!-- \/ Yoast SEO plugin. -->","yoast_head_json":{"title":"{~Entrevista a nuestro compi #Jose~} - Marzo Saude","robots":{"index":"index","follow":"follow","max-snippet":"max-snippet:-1","max-image-preview":"max-image-preview:large","max-video-preview":"max-video-preview:-1"},"canonical":"https:\/\/www.safmmarzo.com\/es\/2020\/04\/01\/entrevista-a-nuestro-compi-jose\/","og_locale":"es_ES","og_type":"article","og_title":"{~Entrevista a nuestro compi #Jose~} - Marzo Saude","og_description":"Queremos agradecer a @elprogreso_Lugo por visibilizar la lucha que estamos llevando a cabo todos los fisioterapeutas de Espa\u00f1a. S\u00f3lo pedimos respeto por los pacientes y empat\u00eda por la profesi\u00f3n. #tufisiosequedaencasa #tupodologosequedaencasa","og_url":"https:\/\/www.safmmarzo.com\/es\/2020\/04\/01\/entrevista-a-nuestro-compi-jose\/","og_site_name":"Marzo Saude","article_published_time":"2020-04-01T07:22:53+00:00","article_modified_time":"2023-05-24T07:00:19+00:00","og_image":[{"width":775,"height":581,"url":"https:\/\/www.safmmarzo.com\/wp-content\/uploads\/2020\/04\/los-fisios-1.jpg","type":"image\/jpeg"}],"author":"Jose Luis","twitter_card":"summary_large_image","twitter_misc":{"Escrito por":"Jose Luis","Tiempo de lectura":"1 minuto"},"schema":{"@context":"https:\/\/schema.org","@graph":[{"@type":"Article","@id":"https:\/\/www.safmmarzo.com\/es\/2020\/04\/01\/entrevista-a-nuestro-compi-jose\/#article","isPartOf":{"@id":"https:\/\/www.safmmarzo.com\/es\/2020\/04\/01\/entrevista-a-nuestro-compi-jose\/"},"author":{"name":"Jose Luis","@id":"https:\/\/www.safmmarzo.com\/#\/schema\/person\/20cf655e1f77c62cd425477bcfa7ef11"},"headline":"{~Entrevista a nuestro compi #Jose~}","datePublished":"2020-04-01T07:22:53+00:00","dateModified":"2023-05-24T07:00:19+00:00","mainEntityOfPage":{"@id":"https:\/\/www.safmmarzo.com\/es\/2020\/04\/01\/entrevista-a-nuestro-compi-jose\/"},"wordCount":41,"image":{"@id":"https:\/\/www.safmmarzo.com\/es\/2020\/04\/01\/entrevista-a-nuestro-compi-jose\/#primaryimage"},"thumbnailUrl":"https:\/\/www.safmmarzo.com\/wp-content\/uploads\/2020\/04\/los-fisios-1.jpg","articleSection":["Marzo Sa\u00fade","Medios","Noticias"],"inLanguage":"es"},{"@type":"WebPage","@id":"https:\/\/www.safmmarzo.com\/es\/2020\/04\/01\/entrevista-a-nuestro-compi-jose\/","url":"https:\/\/www.safmmarzo.com\/es\/2020\/04\/01\/entrevista-a-nuestro-compi-jose\/","name":"{~Entrevista a nuestro compi #Jose~} - Marzo Saude","isPartOf":{"@id":"https:\/\/www.safmmarzo.com\/#website"},"primaryImageOfPage":{"@id":"https:\/\/www.safmmarzo.com\/es\/2020\/04\/01\/entrevista-a-nuestro-compi-jose\/#primaryimage"},"image":{"@id":"https:\/\/www.safmmarzo.com\/es\/2020\/04\/01\/entrevista-a-nuestro-compi-jose\/#primaryimage"},"thumbnailUrl":"https:\/\/www.safmmarzo.com\/wp-content\/uploads\/2020\/04\/los-fisios-1.jpg","datePublished":"2020-04-01T07:22:53+00:00","dateModified":"2023-05-24T07:00:19+00:00","author":{"@id":"https:\/\/www.safmmarzo.com\/#\/schema\/person\/20cf655e1f77c62cd425477bcfa7ef11"},"inLanguage":"es","potentialAction":[{"@type":"ReadAction","target":["https:\/\/www.safmmarzo.com\/es\/2020\/04\/01\/entrevista-a-nuestro-compi-jose\/"]}]},{"@type":"ImageObject","inLanguage":"es","@id":"https:\/\/www.safmmarzo.com\/es\/2020\/04\/01\/entrevista-a-nuestro-compi-jose\/#primaryimage","url":"https:\/\/www.safmmarzo.com\/wp-content\/uploads\/2020\/04\/los-fisios-1.jpg","contentUrl":"https:\/\/www.safmmarzo.com\/wp-content\/uploads\/2020\/04\/los-fisios-1.jpg","width":775,"height":581},{"@type":"WebSite","@id":"https:\/\/www.safmmarzo.com\/#website","url":"https:\/\/www.safmmarzo.com\/","name":"Marzo Saude","description":"","potentialAction":[{"@type":"SearchAction","target":{"@type":"EntryPoint","urlTemplate":"https:\/\/www.safmmarzo.com\/?s={search_term_string}"},"query-input":{"@type":"PropertyValueSpecification","valueRequired":true,"valueName":"search_term_string"}}],"inLanguage":"es"},{"@type":"Person","@id":"https:\/\/www.safmmarzo.com\/#\/schema\/person\/20cf655e1f77c62cd425477bcfa7ef11","name":"Jose Luis","image":{"@type":"ImageObject","inLanguage":"es","@id":"https:\/\/www.safmmarzo.com\/#\/schema\/person\/image\/","url":"https:\/\/secure.gravatar.com\/avatar\/bfb8ced0ec2cf4d353ad54b18004638bb6bf664deac930ee7fb3d6a922adfc5b?s=96&d=mm&r=g","contentUrl":"https:\/\/secure.gravatar.com\/avatar\/bfb8ced0ec2cf4d353ad54b18004638bb6bf664deac930ee7fb3d6a922adfc5b?s=96&d=mm&r=g","caption":"Jose Luis"},"url":"https:\/\/www.safmmarzo.com\/es\/author\/marzosaude\/"}]}},"_links":{"self":[{"href":"https:\/\/www.safmmarzo.com\/es\/wp-json\/wp\/v2\/posts\/18703","targetHints":{"allow":["GET"]}}],"collection":[{"href":"https:\/\/www.safmmarzo.com\/es\/wp-json\/wp\/v2\/posts"}],"about":[{"href":"https:\/\/www.safmmarzo.com\/es\/wp-json\/wp\/v2\/types\/post"}],"author":[{"embeddable":true,"href":"https:\/\/www.safmmarzo.com\/es\/wp-json\/wp\/v2\/users\/602"}],"replies":[{"embeddable":true,"href":"https:\/\/www.safmmarzo.com\/es\/wp-json\/wp\/v2\/comments?post=18703"}],"version-history":[{"count":3,"href":"https:\/\/www.safmmarzo.com\/es\/wp-json\/wp\/v2\/posts\/18703\/revisions"}],"predecessor-version":[{"id":18831,"href":"https:\/\/www.safmmarzo.com\/es\/wp-json\/wp\/v2\/posts\/18703\/revisions\/18831"}],"wp:featuredmedia":[{"embeddable":true,"href":"https:\/\/www.safmmarzo.com\/es\/wp-json\/wp\/v2\/media\/18702"}],"wp:attachment":[{"href":"https:\/\/www.safmmarzo.com\/es\/wp-json\/wp\/v2\/media?parent=18703"}],"wp:term":[{"taxonomy":"category","embeddable":true,"href":"https:\/\/www.safmmarzo.com\/es\/wp-json\/wp\/v2\/categories?post=18703"},{"taxonomy":"post_tag","embeddable":true,"href":"https:\/\/www.safmmarzo.com\/es\/wp-json\/wp\/v2\/tags?post=18703"}],"curies":[{"name":"wp","href":"https:\/\/api.w.org\/{rel}","templated":true}]}}